{"id":8413,"date":"2023-08-25T07:41:14","date_gmt":"2023-08-25T07:41:14","guid":{"rendered":"https:\/\/investinnavarra.com\/?p=8413"},"modified":"2023-08-25T07:53:26","modified_gmt":"2023-08-25T07:53:26","slug":"the-owner-of-apex-group-and-sodena-buy-caramelos-el-caserio","status":"publish","type":"post","link":"https:\/\/investinnavarra.com\/en\/the-owner-of-apex-group-and-sodena-buy-caramelos-el-caserio\/","title":{"rendered":"The owner of Apex Group and Sodena buy Caramelos El Caser\u00edo"},"content":{"rendered":"<h4>The purchasing consortium is made up of the company&#8217;s current manager, Ram\u00f3n San Mart\u00edn; the businessman Santiago Sala, who will act as industrial partner; and the public company dependent on the Government of Navarra, Sodena. Its purpose is to facilitate the organic and inorganic development of the company through a new strategic plan. This includes, among other objectives, the expansion of the company&#8217;s sales channels and the marketing of a new range of products based on the latest consumer habits.<\/h4>\n<p>Caramelos El Caser\u00edo, since 2007 is located in the industrial park of La Nava in Tafalla, and is &#8220;recognized and well positioned in the premium candy market&#8221; where it offers a &#8220;handmade and quality&#8221; product. At the same time, it has always had a vocation for growth and diversification that has led it to carry out R&amp;D projects over the last five years with the support of the Government of Navarra, which have placed it at the forefront of its sector. In this sense, this work has allowed it to offer products adapted to current market needs, becoming the first in the market to produce functional candies or, where appropriate, healthier, ecological, with natural and 100% organic ingredients adapted to diets, among others. Along with this innovative effort, El Caser\u00edo works through sustainability processes that allow it to wrap its candies with biodegradable and environmentally friendly materials. In addition, the company impacts on four of the seventeen Sustainable Development Goals (SDGs) related to the areas of &#8220;Health and Wellbeing&#8221;, &#8220;Gender Equality&#8221;, &#8220;Decent Work&#8221; and &#8220;Economic Growth, Responsible Production and Consumption&#8221;.<\/p>\n<p>At present, the products of El Caser\u00edo de Tafalla reach more than a dozen countries located in the four continents, which represents about 11% of its total turnover.<\/p>\n<p>Precisely, its intention from now on is to increase these figures in the next four years to reach 18%.On the other hand, the acquisition by the investor group will allow the company to continue to have a social and economic impact on the region by generating more activity and employment. However, the company will continue to be linked to its traditional values as well as to the excellence in the manufacturing process that have been decisive throughout its history.Precisely those characteristics have been the key factors that have helped them to have their candies chosen by three different generations of consumers throughout their almost 60-year history.<\/p>\n<p>Source: <a href=\"https:\/\/www.diariodenavarra.es\/noticias\/negocios\/dn-management\/empresas-navarras\/2023\/08\/02\/grupo-inversor-compra-caramelos-el-caserio-tafalla-577794-3380.html\">Diario de Navarra<\/a><\/p>\n<p>&nbsp;<\/p>\n","protected":false},"excerpt":{"rendered":"<p>The purchasing consortium is made up of the company&#8217;s current manager, Ram\u00f3n San Mart\u00edn; the businessman Santiago Sala, who will act as industrial partner; and the public company dependent on the Government of Navarra, Sodena. Its purpose is to facilitate the organic and inorganic development of the company through a new strategic plan. This includes, [&hellip;]<\/p>\n","protected":false},"author":2,"featured_media":8415,"comment_status":"closed","ping_status":"closed","sticky":false,"template":"","format":"standard","meta":{"footnotes":""},"categories":[26],"tags":[],"class_list":["post-8413","post","type-post","status-publish","format-standard","has-post-thumbnail","hentry","category-agrifood"],"yoast_head":"<!-- This site is optimized with the Yoast SEO plugin v27.0 - https:\/\/yoast.com\/product\/yoast-seo-wordpress\/ -->\n<title>The owner of Apex Group and Sodena buy Caramelos El Caser\u00edo &#8226; Invest In Navarra<\/title>\n<meta name=\"robots\" content=\"index, follow, max-snippet:-1, max-image-preview:large, max-video-preview:-1\" \/>\n<link rel=\"canonical\" href=\"https:\/\/investinnavarra.com\/en\/the-owner-of-apex-group-and-sodena-buy-caramelos-el-caserio\/\" \/>\n<meta property=\"og:locale\" content=\"en_US\" \/>\n<meta property=\"og:type\" content=\"article\" \/>\n<meta property=\"og:title\" content=\"The owner of Apex Group and Sodena buy Caramelos El Caser\u00edo &#8226; Invest In Navarra\" \/>\n<meta property=\"og:description\" content=\"The purchasing consortium is made up of the company&#8217;s current manager, Ram\u00f3n San Mart\u00edn; the businessman Santiago Sala, who will act as industrial partner; and the public company dependent on the Government of Navarra, Sodena. Its purpose is to facilitate the organic and inorganic development of the company through a new strategic plan. This includes, [&hellip;]\" \/>\n<meta property=\"og:url\" content=\"https:\/\/investinnavarra.com\/en\/the-owner-of-apex-group-and-sodena-buy-caramelos-el-caserio\/\" \/>\n<meta property=\"og:site_name\" content=\"Invest In Navarra\" \/>\n<meta property=\"article:published_time\" content=\"2023-08-25T07:41:14+00:00\" \/>\n<meta property=\"article:modified_time\" content=\"2023-08-25T07:53:26+00:00\" \/>\n<meta property=\"og:image\" content=\"https:\/\/investinnavarra.com\/wp-content\/uploads\/2023\/08\/Bodegon-LIGEROS.jpg\" \/>\n\t<meta property=\"og:image:width\" content=\"1360\" \/>\n\t<meta property=\"og:image:height\" content=\"752\" \/>\n\t<meta property=\"og:image:type\" content=\"image\/jpeg\" \/>\n<meta name=\"author\" content=\"jyuguero\" \/>\n<meta name=\"twitter:card\" content=\"summary_large_image\" \/>\n<meta name=\"twitter:label1\" content=\"Written by\" \/>\n\t<meta name=\"twitter:data1\" content=\"jyuguero\" \/>\n\t<meta name=\"twitter:label2\" content=\"Est. reading time\" \/>\n\t<meta name=\"twitter:data2\" content=\"2 minutes\" \/>\n<script type=\"application\/ld+json\" class=\"yoast-schema-graph\">{\"@context\":\"https:\/\/schema.org\",\"@graph\":[{\"@type\":\"Article\",\"@id\":\"https:\/\/investinnavarra.com\/en\/the-owner-of-apex-group-and-sodena-buy-caramelos-el-caserio\/#article\",\"isPartOf\":{\"@id\":\"https:\/\/investinnavarra.com\/en\/the-owner-of-apex-group-and-sodena-buy-caramelos-el-caserio\/\"},\"author\":{\"name\":\"jyuguero\",\"@id\":\"https:\/\/investinnavarra.com\/en\/#\/schema\/person\/caf93abf312fad66ad0aeb77042a08ef\"},\"headline\":\"The owner of Apex Group and Sodena buy Caramelos El Caser\u00edo\",\"datePublished\":\"2023-08-25T07:41:14+00:00\",\"dateModified\":\"2023-08-25T07:53:26+00:00\",\"mainEntityOfPage\":{\"@id\":\"https:\/\/investinnavarra.com\/en\/the-owner-of-apex-group-and-sodena-buy-caramelos-el-caserio\/\"},\"wordCount\":416,\"publisher\":{\"@id\":\"https:\/\/investinnavarra.com\/en\/#organization\"},\"image\":{\"@id\":\"https:\/\/investinnavarra.com\/en\/the-owner-of-apex-group-and-sodena-buy-caramelos-el-caserio\/#primaryimage\"},\"thumbnailUrl\":\"https:\/\/investinnavarra.com\/wp-content\/uploads\/2023\/08\/Bodegon-LIGEROS.jpg\",\"articleSection\":[\"Agrifood\"],\"inLanguage\":\"en-US\"},{\"@type\":\"WebPage\",\"@id\":\"https:\/\/investinnavarra.com\/en\/the-owner-of-apex-group-and-sodena-buy-caramelos-el-caserio\/\",\"url\":\"https:\/\/investinnavarra.com\/en\/the-owner-of-apex-group-and-sodena-buy-caramelos-el-caserio\/\",\"name\":\"The owner of Apex Group and Sodena buy Caramelos El Caser\u00edo &#8226; Invest In Navarra\",\"isPartOf\":{\"@id\":\"https:\/\/investinnavarra.com\/en\/#website\"},\"primaryImageOfPage\":{\"@id\":\"https:\/\/investinnavarra.com\/en\/the-owner-of-apex-group-and-sodena-buy-caramelos-el-caserio\/#primaryimage\"},\"image\":{\"@id\":\"https:\/\/investinnavarra.com\/en\/the-owner-of-apex-group-and-sodena-buy-caramelos-el-caserio\/#primaryimage\"},\"thumbnailUrl\":\"https:\/\/investinnavarra.com\/wp-content\/uploads\/2023\/08\/Bodegon-LIGEROS.jpg\",\"datePublished\":\"2023-08-25T07:41:14+00:00\",\"dateModified\":\"2023-08-25T07:53:26+00:00\",\"inLanguage\":\"en-US\",\"potentialAction\":[{\"@type\":\"ReadAction\",\"target\":[\"https:\/\/investinnavarra.com\/en\/the-owner-of-apex-group-and-sodena-buy-caramelos-el-caserio\/\"]}]},{\"@type\":\"ImageObject\",\"inLanguage\":\"en-US\",\"@id\":\"https:\/\/investinnavarra.com\/en\/the-owner-of-apex-group-and-sodena-buy-caramelos-el-caserio\/#primaryimage\",\"url\":\"https:\/\/investinnavarra.com\/wp-content\/uploads\/2023\/08\/Bodegon-LIGEROS.jpg\",\"contentUrl\":\"https:\/\/investinnavarra.com\/wp-content\/uploads\/2023\/08\/Bodegon-LIGEROS.jpg\",\"width\":1360,\"height\":752},{\"@type\":\"WebSite\",\"@id\":\"https:\/\/investinnavarra.com\/en\/#website\",\"url\":\"https:\/\/investinnavarra.com\/en\/\",\"name\":\"Invest In Navarra\",\"description\":\"Herramienta del Gobierno de Navarra para atraer nuevas inversiones a Navarra\",\"publisher\":{\"@id\":\"https:\/\/investinnavarra.com\/en\/#organization\"},\"potentialAction\":[{\"@type\":\"SearchAction\",\"target\":{\"@type\":\"EntryPoint\",\"urlTemplate\":\"https:\/\/investinnavarra.com\/en\/?s={search_term_string}\"},\"query-input\":{\"@type\":\"PropertyValueSpecification\",\"valueRequired\":true,\"valueName\":\"search_term_string\"}}],\"inLanguage\":\"en-US\"},{\"@type\":\"Organization\",\"@id\":\"https:\/\/investinnavarra.com\/en\/#organization\",\"name\":\"Invest In Navarra\",\"url\":\"https:\/\/investinnavarra.com\/en\/\",\"logo\":{\"@type\":\"ImageObject\",\"inLanguage\":\"en-US\",\"@id\":\"https:\/\/investinnavarra.com\/en\/#\/schema\/logo\/image\/\",\"url\":\"https:\/\/investinnavarra.com\/wp-content\/uploads\/2022\/05\/logo-invest-v1-b.png\",\"contentUrl\":\"https:\/\/investinnavarra.com\/wp-content\/uploads\/2022\/05\/logo-invest-v1-b.png\",\"width\":768,\"height\":277,\"caption\":\"Invest In Navarra\"},\"image\":{\"@id\":\"https:\/\/investinnavarra.com\/en\/#\/schema\/logo\/image\/\"}},{\"@type\":\"Person\",\"@id\":\"https:\/\/investinnavarra.com\/en\/#\/schema\/person\/caf93abf312fad66ad0aeb77042a08ef\",\"name\":\"jyuguero\",\"image\":{\"@type\":\"ImageObject\",\"inLanguage\":\"en-US\",\"@id\":\"https:\/\/investinnavarra.com\/en\/#\/schema\/person\/image\/\",\"url\":\"https:\/\/secure.gravatar.com\/avatar\/bec022f537bc5c4a4fc04358e7a6da57256902c0ca8b5694162efa5e686de828?s=96&d=mm&r=g\",\"contentUrl\":\"https:\/\/secure.gravatar.com\/avatar\/bec022f537bc5c4a4fc04358e7a6da57256902c0ca8b5694162efa5e686de828?s=96&d=mm&r=g\",\"caption\":\"jyuguero\"},\"url\":\"https:\/\/investinnavarra.com\/en\/author\/jyuguero\/\"}]}<\/script>\n<!-- \/ Yoast SEO plugin. -->","yoast_head_json":{"title":"The owner of Apex Group and Sodena buy Caramelos El Caser\u00edo &#8226; Invest In Navarra","robots":{"index":"index","follow":"follow","max-snippet":"max-snippet:-1","max-image-preview":"max-image-preview:large","max-video-preview":"max-video-preview:-1"},"canonical":"https:\/\/investinnavarra.com\/en\/the-owner-of-apex-group-and-sodena-buy-caramelos-el-caserio\/","og_locale":"en_US","og_type":"article","og_title":"The owner of Apex Group and Sodena buy Caramelos El Caser\u00edo &#8226; Invest In Navarra","og_description":"The purchasing consortium is made up of the company&#8217;s current manager, Ram\u00f3n San Mart\u00edn; the businessman Santiago Sala, who will act as industrial partner; and the public company dependent on the Government of Navarra, Sodena. Its purpose is to facilitate the organic and inorganic development of the company through a new strategic plan. This includes, [&hellip;]","og_url":"https:\/\/investinnavarra.com\/en\/the-owner-of-apex-group-and-sodena-buy-caramelos-el-caserio\/","og_site_name":"Invest In Navarra","article_published_time":"2023-08-25T07:41:14+00:00","article_modified_time":"2023-08-25T07:53:26+00:00","og_image":[{"width":1360,"height":752,"url":"https:\/\/investinnavarra.com\/wp-content\/uploads\/2023\/08\/Bodegon-LIGEROS.jpg","type":"image\/jpeg"}],"author":"jyuguero","twitter_card":"summary_large_image","twitter_misc":{"Written by":"jyuguero","Est. reading time":"2 minutes"},"schema":{"@context":"https:\/\/schema.org","@graph":[{"@type":"Article","@id":"https:\/\/investinnavarra.com\/en\/the-owner-of-apex-group-and-sodena-buy-caramelos-el-caserio\/#article","isPartOf":{"@id":"https:\/\/investinnavarra.com\/en\/the-owner-of-apex-group-and-sodena-buy-caramelos-el-caserio\/"},"author":{"name":"jyuguero","@id":"https:\/\/investinnavarra.com\/en\/#\/schema\/person\/caf93abf312fad66ad0aeb77042a08ef"},"headline":"The owner of Apex Group and Sodena buy Caramelos El Caser\u00edo","datePublished":"2023-08-25T07:41:14+00:00","dateModified":"2023-08-25T07:53:26+00:00","mainEntityOfPage":{"@id":"https:\/\/investinnavarra.com\/en\/the-owner-of-apex-group-and-sodena-buy-caramelos-el-caserio\/"},"wordCount":416,"publisher":{"@id":"https:\/\/investinnavarra.com\/en\/#organization"},"image":{"@id":"https:\/\/investinnavarra.com\/en\/the-owner-of-apex-group-and-sodena-buy-caramelos-el-caserio\/#primaryimage"},"thumbnailUrl":"https:\/\/investinnavarra.com\/wp-content\/uploads\/2023\/08\/Bodegon-LIGEROS.jpg","articleSection":["Agrifood"],"inLanguage":"en-US"},{"@type":"WebPage","@id":"https:\/\/investinnavarra.com\/en\/the-owner-of-apex-group-and-sodena-buy-caramelos-el-caserio\/","url":"https:\/\/investinnavarra.com\/en\/the-owner-of-apex-group-and-sodena-buy-caramelos-el-caserio\/","name":"The owner of Apex Group and Sodena buy Caramelos El Caser\u00edo &#8226; Invest In Navarra","isPartOf":{"@id":"https:\/\/investinnavarra.com\/en\/#website"},"primaryImageOfPage":{"@id":"https:\/\/investinnavarra.com\/en\/the-owner-of-apex-group-and-sodena-buy-caramelos-el-caserio\/#primaryimage"},"image":{"@id":"https:\/\/investinnavarra.com\/en\/the-owner-of-apex-group-and-sodena-buy-caramelos-el-caserio\/#primaryimage"},"thumbnailUrl":"https:\/\/investinnavarra.com\/wp-content\/uploads\/2023\/08\/Bodegon-LIGEROS.jpg","datePublished":"2023-08-25T07:41:14+00:00","dateModified":"2023-08-25T07:53:26+00:00","inLanguage":"en-US","potentialAction":[{"@type":"ReadAction","target":["https:\/\/investinnavarra.com\/en\/the-owner-of-apex-group-and-sodena-buy-caramelos-el-caserio\/"]}]},{"@type":"ImageObject","inLanguage":"en-US","@id":"https:\/\/investinnavarra.com\/en\/the-owner-of-apex-group-and-sodena-buy-caramelos-el-caserio\/#primaryimage","url":"https:\/\/investinnavarra.com\/wp-content\/uploads\/2023\/08\/Bodegon-LIGEROS.jpg","contentUrl":"https:\/\/investinnavarra.com\/wp-content\/uploads\/2023\/08\/Bodegon-LIGEROS.jpg","width":1360,"height":752},{"@type":"WebSite","@id":"https:\/\/investinnavarra.com\/en\/#website","url":"https:\/\/investinnavarra.com\/en\/","name":"Invest In Navarra","description":"Herramienta del Gobierno de Navarra para atraer nuevas inversiones a Navarra","publisher":{"@id":"https:\/\/investinnavarra.com\/en\/#organization"},"potentialAction":[{"@type":"SearchAction","target":{"@type":"EntryPoint","urlTemplate":"https:\/\/investinnavarra.com\/en\/?s={search_term_string}"},"query-input":{"@type":"PropertyValueSpecification","valueRequired":true,"valueName":"search_term_string"}}],"inLanguage":"en-US"},{"@type":"Organization","@id":"https:\/\/investinnavarra.com\/en\/#organization","name":"Invest In Navarra","url":"https:\/\/investinnavarra.com\/en\/","logo":{"@type":"ImageObject","inLanguage":"en-US","@id":"https:\/\/investinnavarra.com\/en\/#\/schema\/logo\/image\/","url":"https:\/\/investinnavarra.com\/wp-content\/uploads\/2022\/05\/logo-invest-v1-b.png","contentUrl":"https:\/\/investinnavarra.com\/wp-content\/uploads\/2022\/05\/logo-invest-v1-b.png","width":768,"height":277,"caption":"Invest In Navarra"},"image":{"@id":"https:\/\/investinnavarra.com\/en\/#\/schema\/logo\/image\/"}},{"@type":"Person","@id":"https:\/\/investinnavarra.com\/en\/#\/schema\/person\/caf93abf312fad66ad0aeb77042a08ef","name":"jyuguero","image":{"@type":"ImageObject","inLanguage":"en-US","@id":"https:\/\/investinnavarra.com\/en\/#\/schema\/person\/image\/","url":"https:\/\/secure.gravatar.com\/avatar\/bec022f537bc5c4a4fc04358e7a6da57256902c0ca8b5694162efa5e686de828?s=96&d=mm&r=g","contentUrl":"https:\/\/secure.gravatar.com\/avatar\/bec022f537bc5c4a4fc04358e7a6da57256902c0ca8b5694162efa5e686de828?s=96&d=mm&r=g","caption":"jyuguero"},"url":"https:\/\/investinnavarra.com\/en\/author\/jyuguero\/"}]}},"_links":{"self":[{"href":"https:\/\/investinnavarra.com\/en\/wp-json\/wp\/v2\/posts\/8413","targetHints":{"allow":["GET"]}}],"collection":[{"href":"https:\/\/investinnavarra.com\/en\/wp-json\/wp\/v2\/posts"}],"about":[{"href":"https:\/\/investinnavarra.com\/en\/wp-json\/wp\/v2\/types\/post"}],"author":[{"embeddable":true,"href":"https:\/\/investinnavarra.com\/en\/wp-json\/wp\/v2\/users\/2"}],"replies":[{"embeddable":true,"href":"https:\/\/investinnavarra.com\/en\/wp-json\/wp\/v2\/comments?post=8413"}],"version-history":[{"count":2,"href":"https:\/\/investinnavarra.com\/en\/wp-json\/wp\/v2\/posts\/8413\/revisions"}],"predecessor-version":[{"id":8417,"href":"https:\/\/investinnavarra.com\/en\/wp-json\/wp\/v2\/posts\/8413\/revisions\/8417"}],"wp:featuredmedia":[{"embeddable":true,"href":"https:\/\/investinnavarra.com\/en\/wp-json\/wp\/v2\/media\/8415"}],"wp:attachment":[{"href":"https:\/\/investinnavarra.com\/en\/wp-json\/wp\/v2\/media?parent=8413"}],"wp:term":[{"taxonomy":"category","embeddable":true,"href":"https:\/\/investinnavarra.com\/en\/wp-json\/wp\/v2\/categories?post=8413"},{"taxonomy":"post_tag","embeddable":true,"href":"https:\/\/investinnavarra.com\/en\/wp-json\/wp\/v2\/tags?post=8413"}],"curies":[{"name":"wp","href":"https:\/\/api.w.org\/{rel}","templated":true}]}}