{"id":8223,"date":"2023-07-10T10:23:57","date_gmt":"2023-07-10T10:23:57","guid":{"rendered":"https:\/\/investinnavarra.com\/?p=8223"},"modified":"2023-07-10T10:48:50","modified_gmt":"2023-07-10T10:48:50","slug":"cite-2023-will-reinforce-navarra-as-a-renewable-industrial-territory-in-southern-europe","status":"publish","type":"post","link":"https:\/\/investinnavarra.com\/en\/cite-2023-will-reinforce-navarra-as-a-renewable-industrial-territory-in-southern-europe\/","title":{"rendered":"CITE 2023 will reinforce Navarra as the &#8220;renewable industrial territory&#8221; in southern Europe"},"content":{"rendered":"<p><strong>Business leaders in wind energy, solar energy, storage and green hydrogen, including Michael Liebreich, one of the world&#8217;s leading experts in clean energy, will speak at the 3rd International Industry Congress of Energy Transition that will be held at the Baluarte Conference Centre in Pamplona on October 25th.<\/strong><\/p>\n<p>The 3rd International Industry Congress for Energy Transition (CITE 2023) will bring together professionals from wind energy, solar energy, storage and green hydrogen industries on 25th October at the Baluarte Conference Centre in Pamplona. Among the latter, the presence of Michael Liebreich, one of the world&#8217;s leading experts on energy transition, stands out. This was announced by Ana Goy\u00e9n, president of Enercluster, the organiser of this biennial event, in which the Government of Navarra is collaborating, and which is sponsored by Acciona Energ\u00eda, Enerf\u00edn, Ingeteam, Nordex Acciona Windpower, R\u00edos Renovables, EDP, Grupo Enhol, Laulagun Bearings, Sakana Group, ARPA Abogados Consultores, Leadernet, Nabrawind, RenerCycle, Iberdrola and Urgon. &#8220;As a renewable sector, the challenge and the opportunity ahead of us are enormous and we must prepare ourselves to meet them,&#8221; he said.<br \/>\nSpecifically, Goy\u00e9n explained the usefulness of a forum that will take place at a &#8220;key moment&#8221; in the global energy transition process and that can contribute to strengthening Navarra&#8217;s role as a hub for the sector in Southern Europe. In the current scenario, the EU&#8217;s recent decision to increase renewable energy targets to 45% of total energy consumption stands out. For this reason, Goy\u00e9n commented that &#8220;it will be necessary to install 100 GW of renewables per year in the European Union alone&#8221;. In parallel, Spain is also about to update its National Integrated Energy and Climate Plan (PNIEC).<br \/>\nThe combination of both factors, therefore, places the sector before three unavoidable challenges, in the opinion of the organisers of CITE 2023, which the president of Enercluster listed as follows: &#8220;to be able to grow (in renewable generation and electrification of consumption) at the speed that the decarbonisation objectives set require, to achieve profitability in all links of the renewable value chain, and to strengthen the local European industry&#8221;.<br \/>\nEITC 2023 is envisaged as &#8220;the meeting where leading members of the sector can share their views on the present and future of their industry&#8221;, in the words of the head of Enercluster. &#8220;Perhaps this year makes more sense than ever as the situation is very complex and will probably mark the near future of this activity, both in terms of the energy transition and its impact on climate change and the weight and potential of the European industry,&#8221; she added. More than 400 professionals from Spain and other European countries have already participated in the 2021 edition.<\/p>\n<p>&nbsp;<\/p>\n<h2>WHY NAVARRA?<\/h2>\n<p>The 74-member renewable industry association of Navarra therefore considers that CITE 2023 is in line with and will enable it to reinforce its objectives, which include promoting growth, innovation and collaboration. &#8220;In short, to try to recover and intensify the attractiveness of Navarra for our sector&#8221;, confirmed Goy\u00e9n.<br \/>\nAlong the same lines, the acting Regional Minister for Economic and Business Development, Mikel Irujo, recalled that the renewable energy industry represents more than 5% of the region&#8217;s GDP and is the second largest export sector. It also has a university system aligned with its needs, as well as a benchmark technology centre, CENER, based in the region. &#8220;Navarra has a complete ecosystem made up of two OEMs installed in the region and a highly qualified supplier park&#8221;, he stressed. To all these potentialities and advantages, he also added the presence of &#8220;unique&#8221; facilities such as the experimental centre in Alaiz or the Wind Turbine Test Laboratory in Sang\u00fcesa. &#8220;In short, we are a region with high qualifications, innovation, infrastructures and the presence of the entire industrial value chain,&#8221; he said.<br \/>\nOn the other hand, in view of the current scenario of &#8220;full energy revolution&#8221;, Mikel Irujo listed some of the projects promoted by the regional government in the field of renewables. For example, he commented on the administrative authorisations granted that will double the renewable power installed in Navarra. He also mentioned the support given to a 300% increase in self-consumption from 2020 and the legislative package of aid and subsidies aimed at promoting and improving energy efficiency, especially after the Russian invasion of Ukraine. &#8220;Our goal is to have at least 50% of the total energy consumed in the region from renewable sources by 2030,&#8221; he said. From there, the roadmap that has been drawn up includes support for new business niches such as green hydrogen and the recycling of wind turbine blades. All of this so that Navarra and its industry &#8220;continue to be pioneers in the current energy transition process&#8221;, said Irujo.<\/p>\n<h2>MAIN NEW FEATURES<\/h2>\n<p>&nbsp;<\/p>\n<p>&#8220;We will be joined by one of the world&#8217;s leading experts on energy transition and clean economy: Michael Liebreich, founder of BNEF and opinion maker in the sector&#8221;, announced Kiko Maza, director of CITE 2023.<br \/>\nIn addition, with a view to this year&#8217;s event, &#8220;the main novelty is the incorporation of solar, storage and green hydrogen into the wind energy theme,&#8221; said Maza. He also indicated that the intention of the meeting&#8217;s promoters is to &#8220;concentrate the talks on one day to make logistics easier for visitors from outside Navarra&#8221;.<br \/>\nHe went on to say that the main strengths of the event would be that &#8220;there will be more networking spaces&#8221; and the &#8220;ambition of the event&#8221;.<\/p>\n<p>As examples of the latter, he mentioned the CEO round table, which will address the challenges in the development of renewables, as well as the different discussion forums on the supply chain and its profitability; innovation in renewables; the relationship that the sector must maintain with society; the implementation of the circular economy; and the future possibilities around green hydrogen. &#8220;As a highlight, we will have two keynote speeches by major world references in the sector, such as the aforementioned Michael Liebreich,&#8221; Maza said.<br \/>\nFinally, the director of CITE 2023 pointed out that the target audience &#8220;is very varied&#8221;, as it ranges from professionals in the wind, solar, storage and hydrogen industries to renewable project promoters. It is also designed for professionals linked to the circular economy, the financial sector, legislators and regulators, educational and R&amp;D institutions, specialised media, influencers and opinion makers. To all of them, Kiko Maza invited them to get more information and purchase the ticket to participate in CITE 2023 through the official website of the congress: www.congresocite.com.Source: NavarraCapital.es<\/p>\n","protected":false},"excerpt":{"rendered":"<p>Business leaders in wind energy, solar energy, storage and green hydrogen, including Michael Liebreich, one of the world&#8217;s leading experts in clean energy, will speak at the 3rd International Industry Congress of Energy Transition that will be held at the Baluarte Conference Centre in Pamplona on October 25th. The 3rd International Industry Congress for Energy [&hellip;]<\/p>\n","protected":false},"author":2,"featured_media":8221,"comment_status":"closed","ping_status":"closed","sticky":false,"template":"","format":"standard","meta":{"footnotes":""},"categories":[27],"tags":[],"class_list":["post-8223","post","type-post","status-publish","format-standard","has-post-thumbnail","hentry","category-renewable-energy"],"yoast_head":"<!-- This site is optimized with the Yoast SEO plugin v27.0 - https:\/\/yoast.com\/product\/yoast-seo-wordpress\/ -->\n<title>CITE 2023 will reinforce Navarra as the &quot;renewable industrial territory&quot; in southern Europe &#8226; Invest In Navarra<\/title>\n<meta name=\"robots\" content=\"index, follow, max-snippet:-1, max-image-preview:large, max-video-preview:-1\" \/>\n<link rel=\"canonical\" href=\"https:\/\/investinnavarra.com\/en\/cite-2023-will-reinforce-navarra-as-a-renewable-industrial-territory-in-southern-europe\/\" \/>\n<meta property=\"og:locale\" content=\"en_US\" \/>\n<meta property=\"og:type\" content=\"article\" \/>\n<meta property=\"og:title\" content=\"CITE 2023 will reinforce Navarra as the &quot;renewable industrial territory&quot; in southern Europe &#8226; Invest In Navarra\" \/>\n<meta property=\"og:description\" content=\"Business leaders in wind energy, solar energy, storage and green hydrogen, including Michael Liebreich, one of the world&#8217;s leading experts in clean energy, will speak at the 3rd International Industry Congress of Energy Transition that will be held at the Baluarte Conference Centre in Pamplona on October 25th. The 3rd International Industry Congress for Energy [&hellip;]\" \/>\n<meta property=\"og:url\" content=\"https:\/\/investinnavarra.com\/en\/cite-2023-will-reinforce-navarra-as-a-renewable-industrial-territory-in-southern-europe\/\" \/>\n<meta property=\"og:site_name\" content=\"Invest In Navarra\" \/>\n<meta property=\"article:published_time\" content=\"2023-07-10T10:23:57+00:00\" \/>\n<meta property=\"article:modified_time\" content=\"2023-07-10T10:48:50+00:00\" \/>\n<meta property=\"og:image\" content=\"https:\/\/investinnavarra.com\/wp-content\/uploads\/2023\/07\/congreso-cite-rdp-12-700x441-1.jpg\" \/>\n\t<meta property=\"og:image:width\" content=\"700\" \/>\n\t<meta property=\"og:image:height\" content=\"441\" \/>\n\t<meta property=\"og:image:type\" content=\"image\/jpeg\" \/>\n<meta name=\"author\" content=\"jyuguero\" \/>\n<meta name=\"twitter:card\" content=\"summary_large_image\" \/>\n<meta name=\"twitter:label1\" content=\"Written by\" \/>\n\t<meta name=\"twitter:data1\" content=\"jyuguero\" \/>\n\t<meta name=\"twitter:label2\" content=\"Est. reading time\" \/>\n\t<meta name=\"twitter:data2\" content=\"5 minutes\" \/>\n<script type=\"application\/ld+json\" class=\"yoast-schema-graph\">{\"@context\":\"https:\/\/schema.org\",\"@graph\":[{\"@type\":\"Article\",\"@id\":\"https:\/\/investinnavarra.com\/en\/cite-2023-will-reinforce-navarra-as-a-renewable-industrial-territory-in-southern-europe\/#article\",\"isPartOf\":{\"@id\":\"https:\/\/investinnavarra.com\/en\/cite-2023-will-reinforce-navarra-as-a-renewable-industrial-territory-in-southern-europe\/\"},\"author\":{\"name\":\"jyuguero\",\"@id\":\"https:\/\/investinnavarra.com\/en\/#\/schema\/person\/caf93abf312fad66ad0aeb77042a08ef\"},\"headline\":\"CITE 2023 will reinforce Navarra as the &#8220;renewable industrial territory&#8221; in southern Europe\",\"datePublished\":\"2023-07-10T10:23:57+00:00\",\"dateModified\":\"2023-07-10T10:48:50+00:00\",\"mainEntityOfPage\":{\"@id\":\"https:\/\/investinnavarra.com\/en\/cite-2023-will-reinforce-navarra-as-a-renewable-industrial-territory-in-southern-europe\/\"},\"wordCount\":1085,\"publisher\":{\"@id\":\"https:\/\/investinnavarra.com\/en\/#organization\"},\"image\":{\"@id\":\"https:\/\/investinnavarra.com\/en\/cite-2023-will-reinforce-navarra-as-a-renewable-industrial-territory-in-southern-europe\/#primaryimage\"},\"thumbnailUrl\":\"https:\/\/investinnavarra.com\/wp-content\/uploads\/2023\/07\/congreso-cite-rdp-12-700x441-1.jpg\",\"articleSection\":[\"Renewable energy\"],\"inLanguage\":\"en-US\"},{\"@type\":\"WebPage\",\"@id\":\"https:\/\/investinnavarra.com\/en\/cite-2023-will-reinforce-navarra-as-a-renewable-industrial-territory-in-southern-europe\/\",\"url\":\"https:\/\/investinnavarra.com\/en\/cite-2023-will-reinforce-navarra-as-a-renewable-industrial-territory-in-southern-europe\/\",\"name\":\"CITE 2023 will reinforce Navarra as the \\\"renewable industrial territory\\\" in southern Europe &#8226; Invest In Navarra\",\"isPartOf\":{\"@id\":\"https:\/\/investinnavarra.com\/en\/#website\"},\"primaryImageOfPage\":{\"@id\":\"https:\/\/investinnavarra.com\/en\/cite-2023-will-reinforce-navarra-as-a-renewable-industrial-territory-in-southern-europe\/#primaryimage\"},\"image\":{\"@id\":\"https:\/\/investinnavarra.com\/en\/cite-2023-will-reinforce-navarra-as-a-renewable-industrial-territory-in-southern-europe\/#primaryimage\"},\"thumbnailUrl\":\"https:\/\/investinnavarra.com\/wp-content\/uploads\/2023\/07\/congreso-cite-rdp-12-700x441-1.jpg\",\"datePublished\":\"2023-07-10T10:23:57+00:00\",\"dateModified\":\"2023-07-10T10:48:50+00:00\",\"inLanguage\":\"en-US\",\"potentialAction\":[{\"@type\":\"ReadAction\",\"target\":[\"https:\/\/investinnavarra.com\/en\/cite-2023-will-reinforce-navarra-as-a-renewable-industrial-territory-in-southern-europe\/\"]}]},{\"@type\":\"ImageObject\",\"inLanguage\":\"en-US\",\"@id\":\"https:\/\/investinnavarra.com\/en\/cite-2023-will-reinforce-navarra-as-a-renewable-industrial-territory-in-southern-europe\/#primaryimage\",\"url\":\"https:\/\/investinnavarra.com\/wp-content\/uploads\/2023\/07\/congreso-cite-rdp-12-700x441-1.jpg\",\"contentUrl\":\"https:\/\/investinnavarra.com\/wp-content\/uploads\/2023\/07\/congreso-cite-rdp-12-700x441-1.jpg\",\"width\":700,\"height\":441},{\"@type\":\"WebSite\",\"@id\":\"https:\/\/investinnavarra.com\/en\/#website\",\"url\":\"https:\/\/investinnavarra.com\/en\/\",\"name\":\"Invest In Navarra\",\"description\":\"Herramienta del Gobierno de Navarra para atraer nuevas inversiones a Navarra\",\"publisher\":{\"@id\":\"https:\/\/investinnavarra.com\/en\/#organization\"},\"potentialAction\":[{\"@type\":\"SearchAction\",\"target\":{\"@type\":\"EntryPoint\",\"urlTemplate\":\"https:\/\/investinnavarra.com\/en\/?s={search_term_string}\"},\"query-input\":{\"@type\":\"PropertyValueSpecification\",\"valueRequired\":true,\"valueName\":\"search_term_string\"}}],\"inLanguage\":\"en-US\"},{\"@type\":\"Organization\",\"@id\":\"https:\/\/investinnavarra.com\/en\/#organization\",\"name\":\"Invest In Navarra\",\"url\":\"https:\/\/investinnavarra.com\/en\/\",\"logo\":{\"@type\":\"ImageObject\",\"inLanguage\":\"en-US\",\"@id\":\"https:\/\/investinnavarra.com\/en\/#\/schema\/logo\/image\/\",\"url\":\"https:\/\/investinnavarra.com\/wp-content\/uploads\/2022\/05\/logo-invest-v1-b.png\",\"contentUrl\":\"https:\/\/investinnavarra.com\/wp-content\/uploads\/2022\/05\/logo-invest-v1-b.png\",\"width\":768,\"height\":277,\"caption\":\"Invest In Navarra\"},\"image\":{\"@id\":\"https:\/\/investinnavarra.com\/en\/#\/schema\/logo\/image\/\"}},{\"@type\":\"Person\",\"@id\":\"https:\/\/investinnavarra.com\/en\/#\/schema\/person\/caf93abf312fad66ad0aeb77042a08ef\",\"name\":\"jyuguero\",\"image\":{\"@type\":\"ImageObject\",\"inLanguage\":\"en-US\",\"@id\":\"https:\/\/investinnavarra.com\/en\/#\/schema\/person\/image\/\",\"url\":\"https:\/\/secure.gravatar.com\/avatar\/bec022f537bc5c4a4fc04358e7a6da57256902c0ca8b5694162efa5e686de828?s=96&d=mm&r=g\",\"contentUrl\":\"https:\/\/secure.gravatar.com\/avatar\/bec022f537bc5c4a4fc04358e7a6da57256902c0ca8b5694162efa5e686de828?s=96&d=mm&r=g\",\"caption\":\"jyuguero\"},\"url\":\"https:\/\/investinnavarra.com\/en\/author\/jyuguero\/\"}]}<\/script>\n<!-- \/ Yoast SEO plugin. -->","yoast_head_json":{"title":"CITE 2023 will reinforce Navarra as the \"renewable industrial territory\" in southern Europe &#8226; Invest In Navarra","robots":{"index":"index","follow":"follow","max-snippet":"max-snippet:-1","max-image-preview":"max-image-preview:large","max-video-preview":"max-video-preview:-1"},"canonical":"https:\/\/investinnavarra.com\/en\/cite-2023-will-reinforce-navarra-as-a-renewable-industrial-territory-in-southern-europe\/","og_locale":"en_US","og_type":"article","og_title":"CITE 2023 will reinforce Navarra as the \"renewable industrial territory\" in southern Europe &#8226; Invest In Navarra","og_description":"Business leaders in wind energy, solar energy, storage and green hydrogen, including Michael Liebreich, one of the world&#8217;s leading experts in clean energy, will speak at the 3rd International Industry Congress of Energy Transition that will be held at the Baluarte Conference Centre in Pamplona on October 25th. The 3rd International Industry Congress for Energy [&hellip;]","og_url":"https:\/\/investinnavarra.com\/en\/cite-2023-will-reinforce-navarra-as-a-renewable-industrial-territory-in-southern-europe\/","og_site_name":"Invest In Navarra","article_published_time":"2023-07-10T10:23:57+00:00","article_modified_time":"2023-07-10T10:48:50+00:00","og_image":[{"width":700,"height":441,"url":"https:\/\/investinnavarra.com\/wp-content\/uploads\/2023\/07\/congreso-cite-rdp-12-700x441-1.jpg","type":"image\/jpeg"}],"author":"jyuguero","twitter_card":"summary_large_image","twitter_misc":{"Written by":"jyuguero","Est. reading time":"5 minutes"},"schema":{"@context":"https:\/\/schema.org","@graph":[{"@type":"Article","@id":"https:\/\/investinnavarra.com\/en\/cite-2023-will-reinforce-navarra-as-a-renewable-industrial-territory-in-southern-europe\/#article","isPartOf":{"@id":"https:\/\/investinnavarra.com\/en\/cite-2023-will-reinforce-navarra-as-a-renewable-industrial-territory-in-southern-europe\/"},"author":{"name":"jyuguero","@id":"https:\/\/investinnavarra.com\/en\/#\/schema\/person\/caf93abf312fad66ad0aeb77042a08ef"},"headline":"CITE 2023 will reinforce Navarra as the &#8220;renewable industrial territory&#8221; in southern Europe","datePublished":"2023-07-10T10:23:57+00:00","dateModified":"2023-07-10T10:48:50+00:00","mainEntityOfPage":{"@id":"https:\/\/investinnavarra.com\/en\/cite-2023-will-reinforce-navarra-as-a-renewable-industrial-territory-in-southern-europe\/"},"wordCount":1085,"publisher":{"@id":"https:\/\/investinnavarra.com\/en\/#organization"},"image":{"@id":"https:\/\/investinnavarra.com\/en\/cite-2023-will-reinforce-navarra-as-a-renewable-industrial-territory-in-southern-europe\/#primaryimage"},"thumbnailUrl":"https:\/\/investinnavarra.com\/wp-content\/uploads\/2023\/07\/congreso-cite-rdp-12-700x441-1.jpg","articleSection":["Renewable energy"],"inLanguage":"en-US"},{"@type":"WebPage","@id":"https:\/\/investinnavarra.com\/en\/cite-2023-will-reinforce-navarra-as-a-renewable-industrial-territory-in-southern-europe\/","url":"https:\/\/investinnavarra.com\/en\/cite-2023-will-reinforce-navarra-as-a-renewable-industrial-territory-in-southern-europe\/","name":"CITE 2023 will reinforce Navarra as the \"renewable industrial territory\" in southern Europe &#8226; Invest In Navarra","isPartOf":{"@id":"https:\/\/investinnavarra.com\/en\/#website"},"primaryImageOfPage":{"@id":"https:\/\/investinnavarra.com\/en\/cite-2023-will-reinforce-navarra-as-a-renewable-industrial-territory-in-southern-europe\/#primaryimage"},"image":{"@id":"https:\/\/investinnavarra.com\/en\/cite-2023-will-reinforce-navarra-as-a-renewable-industrial-territory-in-southern-europe\/#primaryimage"},"thumbnailUrl":"https:\/\/investinnavarra.com\/wp-content\/uploads\/2023\/07\/congreso-cite-rdp-12-700x441-1.jpg","datePublished":"2023-07-10T10:23:57+00:00","dateModified":"2023-07-10T10:48:50+00:00","inLanguage":"en-US","potentialAction":[{"@type":"ReadAction","target":["https:\/\/investinnavarra.com\/en\/cite-2023-will-reinforce-navarra-as-a-renewable-industrial-territory-in-southern-europe\/"]}]},{"@type":"ImageObject","inLanguage":"en-US","@id":"https:\/\/investinnavarra.com\/en\/cite-2023-will-reinforce-navarra-as-a-renewable-industrial-territory-in-southern-europe\/#primaryimage","url":"https:\/\/investinnavarra.com\/wp-content\/uploads\/2023\/07\/congreso-cite-rdp-12-700x441-1.jpg","contentUrl":"https:\/\/investinnavarra.com\/wp-content\/uploads\/2023\/07\/congreso-cite-rdp-12-700x441-1.jpg","width":700,"height":441},{"@type":"WebSite","@id":"https:\/\/investinnavarra.com\/en\/#website","url":"https:\/\/investinnavarra.com\/en\/","name":"Invest In Navarra","description":"Herramienta del Gobierno de Navarra para atraer nuevas inversiones a Navarra","publisher":{"@id":"https:\/\/investinnavarra.com\/en\/#organization"},"potentialAction":[{"@type":"SearchAction","target":{"@type":"EntryPoint","urlTemplate":"https:\/\/investinnavarra.com\/en\/?s={search_term_string}"},"query-input":{"@type":"PropertyValueSpecification","valueRequired":true,"valueName":"search_term_string"}}],"inLanguage":"en-US"},{"@type":"Organization","@id":"https:\/\/investinnavarra.com\/en\/#organization","name":"Invest In Navarra","url":"https:\/\/investinnavarra.com\/en\/","logo":{"@type":"ImageObject","inLanguage":"en-US","@id":"https:\/\/investinnavarra.com\/en\/#\/schema\/logo\/image\/","url":"https:\/\/investinnavarra.com\/wp-content\/uploads\/2022\/05\/logo-invest-v1-b.png","contentUrl":"https:\/\/investinnavarra.com\/wp-content\/uploads\/2022\/05\/logo-invest-v1-b.png","width":768,"height":277,"caption":"Invest In Navarra"},"image":{"@id":"https:\/\/investinnavarra.com\/en\/#\/schema\/logo\/image\/"}},{"@type":"Person","@id":"https:\/\/investinnavarra.com\/en\/#\/schema\/person\/caf93abf312fad66ad0aeb77042a08ef","name":"jyuguero","image":{"@type":"ImageObject","inLanguage":"en-US","@id":"https:\/\/investinnavarra.com\/en\/#\/schema\/person\/image\/","url":"https:\/\/secure.gravatar.com\/avatar\/bec022f537bc5c4a4fc04358e7a6da57256902c0ca8b5694162efa5e686de828?s=96&d=mm&r=g","contentUrl":"https:\/\/secure.gravatar.com\/avatar\/bec022f537bc5c4a4fc04358e7a6da57256902c0ca8b5694162efa5e686de828?s=96&d=mm&r=g","caption":"jyuguero"},"url":"https:\/\/investinnavarra.com\/en\/author\/jyuguero\/"}]}},"_links":{"self":[{"href":"https:\/\/investinnavarra.com\/en\/wp-json\/wp\/v2\/posts\/8223","targetHints":{"allow":["GET"]}}],"collection":[{"href":"https:\/\/investinnavarra.com\/en\/wp-json\/wp\/v2\/posts"}],"about":[{"href":"https:\/\/investinnavarra.com\/en\/wp-json\/wp\/v2\/types\/post"}],"author":[{"embeddable":true,"href":"https:\/\/investinnavarra.com\/en\/wp-json\/wp\/v2\/users\/2"}],"replies":[{"embeddable":true,"href":"https:\/\/investinnavarra.com\/en\/wp-json\/wp\/v2\/comments?post=8223"}],"version-history":[{"count":6,"href":"https:\/\/investinnavarra.com\/en\/wp-json\/wp\/v2\/posts\/8223\/revisions"}],"predecessor-version":[{"id":8232,"href":"https:\/\/investinnavarra.com\/en\/wp-json\/wp\/v2\/posts\/8223\/revisions\/8232"}],"wp:featuredmedia":[{"embeddable":true,"href":"https:\/\/investinnavarra.com\/en\/wp-json\/wp\/v2\/media\/8221"}],"wp:attachment":[{"href":"https:\/\/investinnavarra.com\/en\/wp-json\/wp\/v2\/media?parent=8223"}],"wp:term":[{"taxonomy":"category","embeddable":true,"href":"https:\/\/investinnavarra.com\/en\/wp-json\/wp\/v2\/categories?post=8223"},{"taxonomy":"post_tag","embeddable":true,"href":"https:\/\/investinnavarra.com\/en\/wp-json\/wp\/v2\/tags?post=8223"}],"curies":[{"name":"wp","href":"https:\/\/api.w.org\/{rel}","templated":true}]}}