{"id":4840,"date":"2022-08-02T17:09:03","date_gmt":"2022-08-02T17:09:03","guid":{"rendered":"https:\/\/investinnavarra.com\/?p=4840"},"modified":"2022-09-08T17:12:47","modified_gmt":"2022-09-08T17:12:47","slug":"anteral-microlan-y-naitec-fabricacion-aditiva-satelites","status":"publish","type":"post","link":"https:\/\/investinnavarra.com\/en\/anteral-microlan-y-naitec-fabricacion-aditiva-satelites\/","title":{"rendered":"Las navarras Anteral, Microlan y Naitec ensayan la fabricaci\u00f3n aditiva de peque\u00f1os sat\u00e9lites"},"content":{"rendered":"<h3><u>El proyecto colaborativo Validdantennes, liderado por la empresa Anteral y participado por otras siete empresas francesas y espa\u00f1olas entre las que figuran las tambi\u00e9n navarras Microlan y Naitec, ha concluido confirmando que la fabricaci\u00f3n aditiva met\u00e1lica puede ofrecer m\u00faltiples ventajas en la producci\u00f3n de peque\u00f1os sat\u00e9lites.<\/u><\/h3>\n<p>&nbsp;<\/p>\n<p>Las empresas navarras Anteral, Microlan y Naitec han concluido recientemente la iniciativa Validdantennes, en el que un consorcio de empresas de la Euroreggion Nueva Aquitania-Euskadi-Navarra investigaba la fabricaci\u00f3n aditiva met\u00e1lica en el sector de las telecomunicaciones. Liderado por Anteral, este proyecto ha supuesto un impulso a la cadena de valor eurorregional en el sector aeroespacial, motivado por el r\u00e1pido crecimiento que la industria de los sat\u00e9lites de peque\u00f1o tama\u00f1o ha experimentado en los \u00faltimos a\u00f1os.<\/p>\n<p>En concreto, la iniciativa se centr\u00f3 en dise\u00f1ar, simular, fabricar y analizar dos cadenas radiantes de comunicaciones para sat\u00e9lites de peque\u00f1o tama\u00f1o. Uno de los componentes se fabric\u00f3 con t\u00e9cnicas CNC de arranque de viruta y el otro mediante fabricaci\u00f3n aditiva en metal SLM (Selective Laser Melting\u00a0o fusi\u00f3n por lecho de polvo).<\/p>\n<p>Tras someter ambas piezas a medidas de respuesta electromagn\u00e9tica y estudios de comportamiento ambiental (vibraci\u00f3n y ciclado t\u00e9rmico), el proyecto demostr\u00f3 que la cadena radiante fabricada con SLM ofrece un rendimiento similar al de la cadena fabricada con CNC, con una reducci\u00f3n del peso de alrededor del 50 %.\u00a0Adem\u00e1s,\u00a0el an\u00e1lisis metalogr\u00e1fico confirma el potencial de la tecnolog\u00eda SLM, ya que el porcentaje de defectos localizados en las muestras ensayadas es muy bajo y no se han encontrado fallos importantes.<\/p>\n<p>Este estudio, que se desarroll\u00f3 entre febrero de 2021 y julio de 2022, cont\u00f3 con el apoyo econ\u00f3mico de la\u00a0Eurorregi\u00f3n Nueva-Aquitania \/ Euskadi \/ Navarra. En su consorcio participan empresas y agentes de innovaci\u00f3n de los tres territorios con perfiles complementarios y multidisciplinares. Adem\u00e1s de las entidades navarras ya citadas, el proyecto cont\u00f3 con la participaci\u00f3n de\u00a0LISI Aerospace Additive Manufacturing,\u00a0Fundaci\u00f3n Centro de Tecnolog\u00edas Aeron\u00e1uticas (CTA),\u00a0 y la\u00a0Asociaci\u00f3n Cl\u00faster de Aeron\u00e1utica y Espacio del Pa\u00eds Vasco (HEGAN).<\/p>\n<p>&nbsp;<\/p>\n<h3><strong>Fuentes:<\/strong><\/h3>\n<ul>\n<li><a href=\"https:\/\/navarracapital.es\/anteral-microlan-y-naitec-en-un-proyecto-para-validar-la-fabricacion-aditiva-de-satelites-pequenos\/\">Navarra Capital<\/a><\/li>\n<li><a href=\"https:\/\/www.noticiasdenavarra.com\/economia\/2022\/07\/27\/navarra-protagonista-proyecto-fabricacion-aditiva-5856511.html\">Noticias de Navarra<\/a><\/li>\n<\/ul>\n","protected":false},"excerpt":{"rendered":"<p>El proyecto colaborativo Validdantennes, liderado por la empresa Anteral y participado por otras siete empresas francesas y espa\u00f1olas entre las que figuran las tambi\u00e9n navarras Microlan y Naitec, ha concluido confirmando que la fabricaci\u00f3n aditiva met\u00e1lica puede ofrecer m\u00faltiples ventajas en la producci\u00f3n de peque\u00f1os sat\u00e9lites. &nbsp; Las empresas navarras Anteral, Microlan y Naitec han [&hellip;]<\/p>\n","protected":false},"author":2,"featured_media":4841,"comment_status":"closed","ping_status":"closed","sticky":false,"template":"","format":"standard","meta":{"footnotes":""},"categories":[25],"tags":[],"class_list":["post-4840","post","type-post","status-publish","format-standard","has-post-thumbnail","hentry","category-ict"],"yoast_head":"<!-- This site is optimized with the Yoast SEO plugin v27.5 - https:\/\/yoast.com\/product\/yoast-seo-wordpress\/ -->\n<title>Las navarras Anteral, Microlan y Naitec ensayan la fabricaci\u00f3n aditiva de peque\u00f1os sat\u00e9lites &#8226; Invest In Navarra<\/title>\n<meta name=\"robots\" content=\"index, follow, max-snippet:-1, max-image-preview:large, max-video-preview:-1\" \/>\n<link rel=\"canonical\" href=\"https:\/\/investinnavarra.com\/en\/anteral-microlan-y-naitec-fabricacion-aditiva-satelites\/\" \/>\n<meta property=\"og:locale\" content=\"en_US\" \/>\n<meta property=\"og:type\" content=\"article\" \/>\n<meta property=\"og:title\" content=\"Las navarras Anteral, Microlan y Naitec ensayan la fabricaci\u00f3n aditiva de peque\u00f1os sat\u00e9lites &#8226; Invest In Navarra\" \/>\n<meta property=\"og:description\" content=\"El proyecto colaborativo Validdantennes, liderado por la empresa Anteral y participado por otras siete empresas francesas y espa\u00f1olas entre las que figuran las tambi\u00e9n navarras Microlan y Naitec, ha concluido confirmando que la fabricaci\u00f3n aditiva met\u00e1lica puede ofrecer m\u00faltiples ventajas en la producci\u00f3n de peque\u00f1os sat\u00e9lites. &nbsp; Las empresas navarras Anteral, Microlan y Naitec han [&hellip;]\" \/>\n<meta property=\"og:url\" content=\"https:\/\/investinnavarra.com\/en\/anteral-microlan-y-naitec-fabricacion-aditiva-satelites\/\" \/>\n<meta property=\"og:site_name\" content=\"Invest In Navarra\" \/>\n<meta property=\"article:published_time\" content=\"2022-08-02T17:09:03+00:00\" \/>\n<meta property=\"article:modified_time\" content=\"2022-09-08T17:12:47+00:00\" \/>\n<meta property=\"og:image\" content=\"https:\/\/investinnavarra.com\/wp-content\/uploads\/2022\/09\/proyecto-validdantenness-cnc-Specimen.jpg\" \/>\n\t<meta property=\"og:image:width\" content=\"1200\" \/>\n\t<meta property=\"og:image:height\" content=\"675\" \/>\n\t<meta property=\"og:image:type\" content=\"image\/jpeg\" \/>\n<meta name=\"author\" content=\"jyuguero\" \/>\n<meta name=\"twitter:card\" content=\"summary_large_image\" \/>\n<meta name=\"twitter:label1\" content=\"Written by\" \/>\n\t<meta name=\"twitter:data1\" content=\"jyuguero\" \/>\n\t<meta name=\"twitter:label2\" content=\"Est. reading time\" \/>\n\t<meta name=\"twitter:data2\" content=\"2 minutes\" \/>\n<script type=\"application\/ld+json\" class=\"yoast-schema-graph\">{\"@context\":\"https:\\\/\\\/schema.org\",\"@graph\":[{\"@type\":\"Article\",\"@id\":\"https:\\\/\\\/investinnavarra.com\\\/en\\\/anteral-microlan-y-naitec-fabricacion-aditiva-satelites\\\/#article\",\"isPartOf\":{\"@id\":\"https:\\\/\\\/investinnavarra.com\\\/en\\\/anteral-microlan-y-naitec-fabricacion-aditiva-satelites\\\/\"},\"author\":{\"name\":\"jyuguero\",\"@id\":\"https:\\\/\\\/investinnavarra.com\\\/en\\\/#\\\/schema\\\/person\\\/caf93abf312fad66ad0aeb77042a08ef\"},\"headline\":\"Las navarras Anteral, Microlan y Naitec ensayan la fabricaci\u00f3n aditiva de peque\u00f1os sat\u00e9lites\",\"datePublished\":\"2022-08-02T17:09:03+00:00\",\"dateModified\":\"2022-09-08T17:12:47+00:00\",\"mainEntityOfPage\":{\"@id\":\"https:\\\/\\\/investinnavarra.com\\\/en\\\/anteral-microlan-y-naitec-fabricacion-aditiva-satelites\\\/\"},\"wordCount\":395,\"publisher\":{\"@id\":\"https:\\\/\\\/investinnavarra.com\\\/en\\\/#organization\"},\"image\":{\"@id\":\"https:\\\/\\\/investinnavarra.com\\\/en\\\/anteral-microlan-y-naitec-fabricacion-aditiva-satelites\\\/#primaryimage\"},\"thumbnailUrl\":\"https:\\\/\\\/investinnavarra.com\\\/wp-content\\\/uploads\\\/2022\\\/09\\\/proyecto-validdantenness-cnc-Specimen.jpg\",\"articleSection\":[\"ICT\"],\"inLanguage\":\"en-US\"},{\"@type\":\"WebPage\",\"@id\":\"https:\\\/\\\/investinnavarra.com\\\/en\\\/anteral-microlan-y-naitec-fabricacion-aditiva-satelites\\\/\",\"url\":\"https:\\\/\\\/investinnavarra.com\\\/en\\\/anteral-microlan-y-naitec-fabricacion-aditiva-satelites\\\/\",\"name\":\"Las navarras Anteral, Microlan y Naitec ensayan la fabricaci\u00f3n aditiva de peque\u00f1os sat\u00e9lites &#8226; Invest In Navarra\",\"isPartOf\":{\"@id\":\"https:\\\/\\\/investinnavarra.com\\\/en\\\/#website\"},\"primaryImageOfPage\":{\"@id\":\"https:\\\/\\\/investinnavarra.com\\\/en\\\/anteral-microlan-y-naitec-fabricacion-aditiva-satelites\\\/#primaryimage\"},\"image\":{\"@id\":\"https:\\\/\\\/investinnavarra.com\\\/en\\\/anteral-microlan-y-naitec-fabricacion-aditiva-satelites\\\/#primaryimage\"},\"thumbnailUrl\":\"https:\\\/\\\/investinnavarra.com\\\/wp-content\\\/uploads\\\/2022\\\/09\\\/proyecto-validdantenness-cnc-Specimen.jpg\",\"datePublished\":\"2022-08-02T17:09:03+00:00\",\"dateModified\":\"2022-09-08T17:12:47+00:00\",\"inLanguage\":\"en-US\",\"potentialAction\":[{\"@type\":\"ReadAction\",\"target\":[\"https:\\\/\\\/investinnavarra.com\\\/en\\\/anteral-microlan-y-naitec-fabricacion-aditiva-satelites\\\/\"]}]},{\"@type\":\"ImageObject\",\"inLanguage\":\"en-US\",\"@id\":\"https:\\\/\\\/investinnavarra.com\\\/en\\\/anteral-microlan-y-naitec-fabricacion-aditiva-satelites\\\/#primaryimage\",\"url\":\"https:\\\/\\\/investinnavarra.com\\\/wp-content\\\/uploads\\\/2022\\\/09\\\/proyecto-validdantenness-cnc-Specimen.jpg\",\"contentUrl\":\"https:\\\/\\\/investinnavarra.com\\\/wp-content\\\/uploads\\\/2022\\\/09\\\/proyecto-validdantenness-cnc-Specimen.jpg\",\"width\":1200,\"height\":675},{\"@type\":\"WebSite\",\"@id\":\"https:\\\/\\\/investinnavarra.com\\\/en\\\/#website\",\"url\":\"https:\\\/\\\/investinnavarra.com\\\/en\\\/\",\"name\":\"Invest In Navarra\",\"description\":\"Herramienta del Gobierno de Navarra para atraer nuevas inversiones a Navarra\",\"publisher\":{\"@id\":\"https:\\\/\\\/investinnavarra.com\\\/en\\\/#organization\"},\"potentialAction\":[{\"@type\":\"SearchAction\",\"target\":{\"@type\":\"EntryPoint\",\"urlTemplate\":\"https:\\\/\\\/investinnavarra.com\\\/en\\\/?s={search_term_string}\"},\"query-input\":{\"@type\":\"PropertyValueSpecification\",\"valueRequired\":true,\"valueName\":\"search_term_string\"}}],\"inLanguage\":\"en-US\"},{\"@type\":\"Organization\",\"@id\":\"https:\\\/\\\/investinnavarra.com\\\/en\\\/#organization\",\"name\":\"Invest In Navarra\",\"url\":\"https:\\\/\\\/investinnavarra.com\\\/en\\\/\",\"logo\":{\"@type\":\"ImageObject\",\"inLanguage\":\"en-US\",\"@id\":\"https:\\\/\\\/investinnavarra.com\\\/en\\\/#\\\/schema\\\/logo\\\/image\\\/\",\"url\":\"https:\\\/\\\/investinnavarra.com\\\/wp-content\\\/uploads\\\/2022\\\/05\\\/logo-invest-v1-b.png\",\"contentUrl\":\"https:\\\/\\\/investinnavarra.com\\\/wp-content\\\/uploads\\\/2022\\\/05\\\/logo-invest-v1-b.png\",\"width\":768,\"height\":277,\"caption\":\"Invest In Navarra\"},\"image\":{\"@id\":\"https:\\\/\\\/investinnavarra.com\\\/en\\\/#\\\/schema\\\/logo\\\/image\\\/\"}},{\"@type\":\"Person\",\"@id\":\"https:\\\/\\\/investinnavarra.com\\\/en\\\/#\\\/schema\\\/person\\\/caf93abf312fad66ad0aeb77042a08ef\",\"name\":\"jyuguero\",\"image\":{\"@type\":\"ImageObject\",\"inLanguage\":\"en-US\",\"@id\":\"https:\\\/\\\/secure.gravatar.com\\\/avatar\\\/bec022f537bc5c4a4fc04358e7a6da57256902c0ca8b5694162efa5e686de828?s=96&d=mm&r=g\",\"url\":\"https:\\\/\\\/secure.gravatar.com\\\/avatar\\\/bec022f537bc5c4a4fc04358e7a6da57256902c0ca8b5694162efa5e686de828?s=96&d=mm&r=g\",\"contentUrl\":\"https:\\\/\\\/secure.gravatar.com\\\/avatar\\\/bec022f537bc5c4a4fc04358e7a6da57256902c0ca8b5694162efa5e686de828?s=96&d=mm&r=g\",\"caption\":\"jyuguero\"},\"url\":\"https:\\\/\\\/investinnavarra.com\\\/en\\\/author\\\/jyuguero\\\/\"}]}<\/script>\n<!-- \/ Yoast SEO plugin. -->","yoast_head_json":{"title":"Las navarras Anteral, Microlan y Naitec ensayan la fabricaci\u00f3n aditiva de peque\u00f1os sat\u00e9lites &#8226; Invest In Navarra","robots":{"index":"index","follow":"follow","max-snippet":"max-snippet:-1","max-image-preview":"max-image-preview:large","max-video-preview":"max-video-preview:-1"},"canonical":"https:\/\/investinnavarra.com\/en\/anteral-microlan-y-naitec-fabricacion-aditiva-satelites\/","og_locale":"en_US","og_type":"article","og_title":"Las navarras Anteral, Microlan y Naitec ensayan la fabricaci\u00f3n aditiva de peque\u00f1os sat\u00e9lites &#8226; Invest In Navarra","og_description":"El proyecto colaborativo Validdantennes, liderado por la empresa Anteral y participado por otras siete empresas francesas y espa\u00f1olas entre las que figuran las tambi\u00e9n navarras Microlan y Naitec, ha concluido confirmando que la fabricaci\u00f3n aditiva met\u00e1lica puede ofrecer m\u00faltiples ventajas en la producci\u00f3n de peque\u00f1os sat\u00e9lites. &nbsp; Las empresas navarras Anteral, Microlan y Naitec han [&hellip;]","og_url":"https:\/\/investinnavarra.com\/en\/anteral-microlan-y-naitec-fabricacion-aditiva-satelites\/","og_site_name":"Invest In Navarra","article_published_time":"2022-08-02T17:09:03+00:00","article_modified_time":"2022-09-08T17:12:47+00:00","og_image":[{"width":1200,"height":675,"url":"https:\/\/investinnavarra.com\/wp-content\/uploads\/2022\/09\/proyecto-validdantenness-cnc-Specimen.jpg","type":"image\/jpeg"}],"author":"jyuguero","twitter_card":"summary_large_image","twitter_misc":{"Written by":"jyuguero","Est. reading time":"2 minutes"},"schema":{"@context":"https:\/\/schema.org","@graph":[{"@type":"Article","@id":"https:\/\/investinnavarra.com\/en\/anteral-microlan-y-naitec-fabricacion-aditiva-satelites\/#article","isPartOf":{"@id":"https:\/\/investinnavarra.com\/en\/anteral-microlan-y-naitec-fabricacion-aditiva-satelites\/"},"author":{"name":"jyuguero","@id":"https:\/\/investinnavarra.com\/en\/#\/schema\/person\/caf93abf312fad66ad0aeb77042a08ef"},"headline":"Las navarras Anteral, Microlan y Naitec ensayan la fabricaci\u00f3n aditiva de peque\u00f1os sat\u00e9lites","datePublished":"2022-08-02T17:09:03+00:00","dateModified":"2022-09-08T17:12:47+00:00","mainEntityOfPage":{"@id":"https:\/\/investinnavarra.com\/en\/anteral-microlan-y-naitec-fabricacion-aditiva-satelites\/"},"wordCount":395,"publisher":{"@id":"https:\/\/investinnavarra.com\/en\/#organization"},"image":{"@id":"https:\/\/investinnavarra.com\/en\/anteral-microlan-y-naitec-fabricacion-aditiva-satelites\/#primaryimage"},"thumbnailUrl":"https:\/\/investinnavarra.com\/wp-content\/uploads\/2022\/09\/proyecto-validdantenness-cnc-Specimen.jpg","articleSection":["ICT"],"inLanguage":"en-US"},{"@type":"WebPage","@id":"https:\/\/investinnavarra.com\/en\/anteral-microlan-y-naitec-fabricacion-aditiva-satelites\/","url":"https:\/\/investinnavarra.com\/en\/anteral-microlan-y-naitec-fabricacion-aditiva-satelites\/","name":"Las navarras Anteral, Microlan y Naitec ensayan la fabricaci\u00f3n aditiva de peque\u00f1os sat\u00e9lites &#8226; Invest In Navarra","isPartOf":{"@id":"https:\/\/investinnavarra.com\/en\/#website"},"primaryImageOfPage":{"@id":"https:\/\/investinnavarra.com\/en\/anteral-microlan-y-naitec-fabricacion-aditiva-satelites\/#primaryimage"},"image":{"@id":"https:\/\/investinnavarra.com\/en\/anteral-microlan-y-naitec-fabricacion-aditiva-satelites\/#primaryimage"},"thumbnailUrl":"https:\/\/investinnavarra.com\/wp-content\/uploads\/2022\/09\/proyecto-validdantenness-cnc-Specimen.jpg","datePublished":"2022-08-02T17:09:03+00:00","dateModified":"2022-09-08T17:12:47+00:00","inLanguage":"en-US","potentialAction":[{"@type":"ReadAction","target":["https:\/\/investinnavarra.com\/en\/anteral-microlan-y-naitec-fabricacion-aditiva-satelites\/"]}]},{"@type":"ImageObject","inLanguage":"en-US","@id":"https:\/\/investinnavarra.com\/en\/anteral-microlan-y-naitec-fabricacion-aditiva-satelites\/#primaryimage","url":"https:\/\/investinnavarra.com\/wp-content\/uploads\/2022\/09\/proyecto-validdantenness-cnc-Specimen.jpg","contentUrl":"https:\/\/investinnavarra.com\/wp-content\/uploads\/2022\/09\/proyecto-validdantenness-cnc-Specimen.jpg","width":1200,"height":675},{"@type":"WebSite","@id":"https:\/\/investinnavarra.com\/en\/#website","url":"https:\/\/investinnavarra.com\/en\/","name":"Invest In Navarra","description":"Herramienta del Gobierno de Navarra para atraer nuevas inversiones a Navarra","publisher":{"@id":"https:\/\/investinnavarra.com\/en\/#organization"},"potentialAction":[{"@type":"SearchAction","target":{"@type":"EntryPoint","urlTemplate":"https:\/\/investinnavarra.com\/en\/?s={search_term_string}"},"query-input":{"@type":"PropertyValueSpecification","valueRequired":true,"valueName":"search_term_string"}}],"inLanguage":"en-US"},{"@type":"Organization","@id":"https:\/\/investinnavarra.com\/en\/#organization","name":"Invest In Navarra","url":"https:\/\/investinnavarra.com\/en\/","logo":{"@type":"ImageObject","inLanguage":"en-US","@id":"https:\/\/investinnavarra.com\/en\/#\/schema\/logo\/image\/","url":"https:\/\/investinnavarra.com\/wp-content\/uploads\/2022\/05\/logo-invest-v1-b.png","contentUrl":"https:\/\/investinnavarra.com\/wp-content\/uploads\/2022\/05\/logo-invest-v1-b.png","width":768,"height":277,"caption":"Invest In Navarra"},"image":{"@id":"https:\/\/investinnavarra.com\/en\/#\/schema\/logo\/image\/"}},{"@type":"Person","@id":"https:\/\/investinnavarra.com\/en\/#\/schema\/person\/caf93abf312fad66ad0aeb77042a08ef","name":"jyuguero","image":{"@type":"ImageObject","inLanguage":"en-US","@id":"https:\/\/secure.gravatar.com\/avatar\/bec022f537bc5c4a4fc04358e7a6da57256902c0ca8b5694162efa5e686de828?s=96&d=mm&r=g","url":"https:\/\/secure.gravatar.com\/avatar\/bec022f537bc5c4a4fc04358e7a6da57256902c0ca8b5694162efa5e686de828?s=96&d=mm&r=g","contentUrl":"https:\/\/secure.gravatar.com\/avatar\/bec022f537bc5c4a4fc04358e7a6da57256902c0ca8b5694162efa5e686de828?s=96&d=mm&r=g","caption":"jyuguero"},"url":"https:\/\/investinnavarra.com\/en\/author\/jyuguero\/"}]}},"_links":{"self":[{"href":"https:\/\/investinnavarra.com\/en\/wp-json\/wp\/v2\/posts\/4840","targetHints":{"allow":["GET"]}}],"collection":[{"href":"https:\/\/investinnavarra.com\/en\/wp-json\/wp\/v2\/posts"}],"about":[{"href":"https:\/\/investinnavarra.com\/en\/wp-json\/wp\/v2\/types\/post"}],"author":[{"embeddable":true,"href":"https:\/\/investinnavarra.com\/en\/wp-json\/wp\/v2\/users\/2"}],"replies":[{"embeddable":true,"href":"https:\/\/investinnavarra.com\/en\/wp-json\/wp\/v2\/comments?post=4840"}],"version-history":[{"count":1,"href":"https:\/\/investinnavarra.com\/en\/wp-json\/wp\/v2\/posts\/4840\/revisions"}],"predecessor-version":[{"id":4843,"href":"https:\/\/investinnavarra.com\/en\/wp-json\/wp\/v2\/posts\/4840\/revisions\/4843"}],"wp:featuredmedia":[{"embeddable":true,"href":"https:\/\/investinnavarra.com\/en\/wp-json\/wp\/v2\/media\/4841"}],"wp:attachment":[{"href":"https:\/\/investinnavarra.com\/en\/wp-json\/wp\/v2\/media?parent=4840"}],"wp:term":[{"taxonomy":"category","embeddable":true,"href":"https:\/\/investinnavarra.com\/en\/wp-json\/wp\/v2\/categories?post=4840"},{"taxonomy":"post_tag","embeddable":true,"href":"https:\/\/investinnavarra.com\/en\/wp-json\/wp\/v2\/tags?post=4840"}],"curies":[{"name":"wp","href":"https:\/\/api.w.org\/{rel}","templated":true}]}}