{"id":26049,"date":"2025-10-13T16:30:49","date_gmt":"2025-10-13T14:30:49","guid":{"rendered":"https:\/\/investinnavarra.com\/navarra-se-posiciona-como-polo-digital-de-referencia-para-invertir-y-crecer\/"},"modified":"2025-10-13T16:41:19","modified_gmt":"2025-10-13T14:41:19","slug":"navarra-positions-itself-as-a-leading-digital-hub-for-investment-and-growth","status":"publish","type":"post","link":"https:\/\/investinnavarra.com\/en\/navarra-positions-itself-as-a-leading-digital-hub-for-investment-and-growth\/","title":{"rendered":"Navarra positions itself as a leading digital hub for investment and growth"},"content":{"rendered":"<h3>President Mar\u00eda Chivite set out to 35 technology companies Navarra\u2019s ambition to consolidate itself as a European digital hub, during an institutional reception linked to CENDigital, the digital commission of the Navarre Business Confederation (CEN). The meeting underlined the public commitment to public\u2013private collaboration, infrastructure roll-out and incentives to accelerate technological and industrial projects across the region.<\/h3>\n<p><strong>Message to tech companies: a partner for scaling<\/strong><\/p>\n<p>Chivite stressed that the Regional Government aims to be a \u201ctechnology partner\u201d for businesses and to grow \u201cthrough the lens of progress\u201d, strengthening competitiveness and innovation with an administration ready and committed to digitalisation. The session serves as the starting point for a programme of success stories and trends planned for 2026.<br \/>\nNavarra.es<\/p>\n<p><strong>Ecosystem and capabilities<\/strong><\/p>\n<p>Councillors Juan Luis Garc\u00eda (Universities, Innovation and Digital Transformation) and Mikel Irujo (Industry and Ecological &amp; Digital Business Transition) highlighted that digital transformation is a cross-cutting policy (Navarra Digital Strategy 2030), with support for business digital transition and enabling assets such as the IRIS Digital Innovation Hub, placed at the service of the productive fabric. Navarra also ranks among the European regions with very high connectivity, including rural areas.<\/p>\n<p>Attendees included global tech firms (Amazon, Microsoft, Google, Cisco, Salesforce, IBM, Oracle, Fujitsu), operators (Vodafone, Telef\u00f3nica), banking (CaixaBank), major integrators (NTT Data, Ernst &amp; Young, INDRA-Minsait, among others) and Navarrese companies such as Anteral, Cistec, CONASA, Helphone, Tedcas and Zabala Innovation Consulting, in addition to representatives from AIN, CEOE and CEN.<\/p>\n<p><strong>CENDigital, a lever for collaboration<\/strong><\/p>\n<p>Launched by CEN in 2021, CENDigital has consolidated itself as a space for strategic collaboration: studies for SMEs, presentation of tractor projects to the Government, participation in forums, expert networking and dissemination of high-value content for the business community.<\/p>\n<p><strong>Why choose Navarra for your digital project?<\/strong><\/p>\n<ul>\n<li>Stable institutional support for investment and innovation, with targeted instruments and aid for digitalisation.<\/li>\n<li>Infrastructure and talent: IRIS as a technology one-stop shop, universities and local partners to accelerate pilots and scale-up.<\/li>\n<li>Access to customers and partners: a strong public\u2013private network and sector clusters to facilitate agreements, proofs of concept and procurement.<\/li>\n<\/ul>\n<p>Explore opportunities in Navarra. The Invest in Navarra team provides tailored information on locations, talent, incentives and matchmaking with local partners.<\/p>\n<p><strong>Source<\/strong>: <a href=\"https:\/\/www.navarra.es\/es\/-\/nota-prensa\/la-presidenta-chivite-traslada-a-35-empresas-tecnologicas-la-clara-vocacion-de-navarra-como-polo-de-referencia-digital-europeo-?pageBackId=7574878&amp;back=true\">navarra.com<\/a><\/p>\n","protected":false},"excerpt":{"rendered":"<p>President Mar\u00eda Chivite set out to 35 technology companies Navarra\u2019s ambition to consolidate itself as a European digital hub, during an institutional reception linked to CENDigital, the digital commission of the Navarre Business Confederation (CEN). The meeting underlined the public commitment to public\u2013private collaboration, infrastructure roll-out and incentives to accelerate technological and industrial projects across [&hellip;]<\/p>\n","protected":false},"author":2,"featured_media":26047,"comment_status":"closed","ping_status":"closed","sticky":false,"template":"","format":"standard","meta":{"footnotes":""},"categories":[25],"tags":[],"class_list":["post-26049","post","type-post","status-publish","format-standard","has-post-thumbnail","hentry","category-ict"],"yoast_head":"<!-- This site is optimized with the Yoast SEO plugin v27.5 - https:\/\/yoast.com\/product\/yoast-seo-wordpress\/ -->\n<title>Navarra positions itself as a leading digital hub for investment and growth &#8226; Invest In Navarra<\/title>\n<meta name=\"description\" content=\"President Mar\u00eda Chivite set out to 35 technology companies Navarra\u2019s ambition to consolidate itself as a European digital hub, during an institutional reception linked to CENDigital, the digital commission of the Navarre Business Confederation.\" \/>\n<meta name=\"robots\" content=\"index, follow, max-snippet:-1, max-image-preview:large, max-video-preview:-1\" \/>\n<link rel=\"canonical\" href=\"https:\/\/investinnavarra.com\/en\/navarra-positions-itself-as-a-leading-digital-hub-for-investment-and-growth\/\" \/>\n<meta property=\"og:locale\" content=\"en_US\" \/>\n<meta property=\"og:type\" content=\"article\" \/>\n<meta property=\"og:title\" content=\"Navarra positions itself as a leading digital hub for investment and growth &#8226; Invest In Navarra\" \/>\n<meta property=\"og:description\" content=\"President Mar\u00eda Chivite set out to 35 technology companies Navarra\u2019s ambition to consolidate itself as a European digital hub, during an institutional reception linked to CENDigital, the digital commission of the Navarre Business Confederation.\" \/>\n<meta property=\"og:url\" content=\"https:\/\/investinnavarra.com\/en\/navarra-positions-itself-as-a-leading-digital-hub-for-investment-and-growth\/\" \/>\n<meta property=\"og:site_name\" content=\"Invest In Navarra\" \/>\n<meta property=\"article:published_time\" content=\"2025-10-13T14:30:49+00:00\" \/>\n<meta property=\"article:modified_time\" content=\"2025-10-13T14:41:19+00:00\" \/>\n<meta property=\"og:image\" content=\"https:\/\/investinnavarra.com\/wp-content\/uploads\/2025\/10\/2025_10_07-Empresarios-digitales_Q5A4369-scaled.jpg\" \/>\n\t<meta property=\"og:image:width\" content=\"2560\" \/>\n\t<meta property=\"og:image:height\" content=\"1707\" \/>\n\t<meta property=\"og:image:type\" content=\"image\/jpeg\" \/>\n<meta name=\"author\" content=\"jyuguero\" \/>\n<meta name=\"twitter:card\" content=\"summary_large_image\" \/>\n<meta name=\"twitter:label1\" content=\"Written by\" \/>\n\t<meta name=\"twitter:data1\" content=\"jyuguero\" \/>\n\t<meta name=\"twitter:label2\" content=\"Est. reading time\" \/>\n\t<meta name=\"twitter:data2\" content=\"2 minutes\" \/>\n<script type=\"application\/ld+json\" class=\"yoast-schema-graph\">{\"@context\":\"https:\\\/\\\/schema.org\",\"@graph\":[{\"@type\":\"Article\",\"@id\":\"https:\\\/\\\/investinnavarra.com\\\/en\\\/navarra-positions-itself-as-a-leading-digital-hub-for-investment-and-growth\\\/#article\",\"isPartOf\":{\"@id\":\"https:\\\/\\\/investinnavarra.com\\\/en\\\/navarra-positions-itself-as-a-leading-digital-hub-for-investment-and-growth\\\/\"},\"author\":{\"name\":\"jyuguero\",\"@id\":\"https:\\\/\\\/investinnavarra.com\\\/en\\\/#\\\/schema\\\/person\\\/caf93abf312fad66ad0aeb77042a08ef\"},\"headline\":\"Navarra positions itself as a leading digital hub for investment and growth\",\"datePublished\":\"2025-10-13T14:30:49+00:00\",\"dateModified\":\"2025-10-13T14:41:19+00:00\",\"mainEntityOfPage\":{\"@id\":\"https:\\\/\\\/investinnavarra.com\\\/en\\\/navarra-positions-itself-as-a-leading-digital-hub-for-investment-and-growth\\\/\"},\"wordCount\":383,\"publisher\":{\"@id\":\"https:\\\/\\\/investinnavarra.com\\\/en\\\/#organization\"},\"image\":{\"@id\":\"https:\\\/\\\/investinnavarra.com\\\/en\\\/navarra-positions-itself-as-a-leading-digital-hub-for-investment-and-growth\\\/#primaryimage\"},\"thumbnailUrl\":\"https:\\\/\\\/investinnavarra.com\\\/wp-content\\\/uploads\\\/2025\\\/10\\\/2025_10_07-Empresarios-digitales_Q5A4369-scaled.jpg\",\"articleSection\":[\"ICT\"],\"inLanguage\":\"en-US\"},{\"@type\":\"WebPage\",\"@id\":\"https:\\\/\\\/investinnavarra.com\\\/en\\\/navarra-positions-itself-as-a-leading-digital-hub-for-investment-and-growth\\\/\",\"url\":\"https:\\\/\\\/investinnavarra.com\\\/en\\\/navarra-positions-itself-as-a-leading-digital-hub-for-investment-and-growth\\\/\",\"name\":\"Navarra positions itself as a leading digital hub for investment and growth &#8226; Invest In Navarra\",\"isPartOf\":{\"@id\":\"https:\\\/\\\/investinnavarra.com\\\/en\\\/#website\"},\"primaryImageOfPage\":{\"@id\":\"https:\\\/\\\/investinnavarra.com\\\/en\\\/navarra-positions-itself-as-a-leading-digital-hub-for-investment-and-growth\\\/#primaryimage\"},\"image\":{\"@id\":\"https:\\\/\\\/investinnavarra.com\\\/en\\\/navarra-positions-itself-as-a-leading-digital-hub-for-investment-and-growth\\\/#primaryimage\"},\"thumbnailUrl\":\"https:\\\/\\\/investinnavarra.com\\\/wp-content\\\/uploads\\\/2025\\\/10\\\/2025_10_07-Empresarios-digitales_Q5A4369-scaled.jpg\",\"datePublished\":\"2025-10-13T14:30:49+00:00\",\"dateModified\":\"2025-10-13T14:41:19+00:00\",\"description\":\"President Mar\u00eda Chivite set out to 35 technology companies Navarra\u2019s ambition to consolidate itself as a European digital hub, during an institutional reception linked to CENDigital, the digital commission of the Navarre Business Confederation.\",\"inLanguage\":\"en-US\",\"potentialAction\":[{\"@type\":\"ReadAction\",\"target\":[\"https:\\\/\\\/investinnavarra.com\\\/en\\\/navarra-positions-itself-as-a-leading-digital-hub-for-investment-and-growth\\\/\"]}]},{\"@type\":\"ImageObject\",\"inLanguage\":\"en-US\",\"@id\":\"https:\\\/\\\/investinnavarra.com\\\/en\\\/navarra-positions-itself-as-a-leading-digital-hub-for-investment-and-growth\\\/#primaryimage\",\"url\":\"https:\\\/\\\/investinnavarra.com\\\/wp-content\\\/uploads\\\/2025\\\/10\\\/2025_10_07-Empresarios-digitales_Q5A4369-scaled.jpg\",\"contentUrl\":\"https:\\\/\\\/investinnavarra.com\\\/wp-content\\\/uploads\\\/2025\\\/10\\\/2025_10_07-Empresarios-digitales_Q5A4369-scaled.jpg\",\"width\":2560,\"height\":1707,\"caption\":\"A* Jes\u00fas Garzaron\\\/Gobierno de Navarra F* 2025_10_07 T* Mar\u00eda Chivite, los Consejeros Irujo y Garc\u00eda se re\u00fanen con una treintena de empresas del sector digital L* Palacio de Navarra\"},{\"@type\":\"WebSite\",\"@id\":\"https:\\\/\\\/investinnavarra.com\\\/en\\\/#website\",\"url\":\"https:\\\/\\\/investinnavarra.com\\\/en\\\/\",\"name\":\"Invest In Navarra\",\"description\":\"Herramienta del Gobierno de Navarra para atraer nuevas inversiones a Navarra\",\"publisher\":{\"@id\":\"https:\\\/\\\/investinnavarra.com\\\/en\\\/#organization\"},\"potentialAction\":[{\"@type\":\"SearchAction\",\"target\":{\"@type\":\"EntryPoint\",\"urlTemplate\":\"https:\\\/\\\/investinnavarra.com\\\/en\\\/?s={search_term_string}\"},\"query-input\":{\"@type\":\"PropertyValueSpecification\",\"valueRequired\":true,\"valueName\":\"search_term_string\"}}],\"inLanguage\":\"en-US\"},{\"@type\":\"Organization\",\"@id\":\"https:\\\/\\\/investinnavarra.com\\\/en\\\/#organization\",\"name\":\"Invest In Navarra\",\"url\":\"https:\\\/\\\/investinnavarra.com\\\/en\\\/\",\"logo\":{\"@type\":\"ImageObject\",\"inLanguage\":\"en-US\",\"@id\":\"https:\\\/\\\/investinnavarra.com\\\/en\\\/#\\\/schema\\\/logo\\\/image\\\/\",\"url\":\"https:\\\/\\\/investinnavarra.com\\\/wp-content\\\/uploads\\\/2022\\\/05\\\/logo-invest-v1-b.png\",\"contentUrl\":\"https:\\\/\\\/investinnavarra.com\\\/wp-content\\\/uploads\\\/2022\\\/05\\\/logo-invest-v1-b.png\",\"width\":768,\"height\":277,\"caption\":\"Invest In Navarra\"},\"image\":{\"@id\":\"https:\\\/\\\/investinnavarra.com\\\/en\\\/#\\\/schema\\\/logo\\\/image\\\/\"}},{\"@type\":\"Person\",\"@id\":\"https:\\\/\\\/investinnavarra.com\\\/en\\\/#\\\/schema\\\/person\\\/caf93abf312fad66ad0aeb77042a08ef\",\"name\":\"jyuguero\",\"image\":{\"@type\":\"ImageObject\",\"inLanguage\":\"en-US\",\"@id\":\"https:\\\/\\\/secure.gravatar.com\\\/avatar\\\/bec022f537bc5c4a4fc04358e7a6da57256902c0ca8b5694162efa5e686de828?s=96&d=mm&r=g\",\"url\":\"https:\\\/\\\/secure.gravatar.com\\\/avatar\\\/bec022f537bc5c4a4fc04358e7a6da57256902c0ca8b5694162efa5e686de828?s=96&d=mm&r=g\",\"contentUrl\":\"https:\\\/\\\/secure.gravatar.com\\\/avatar\\\/bec022f537bc5c4a4fc04358e7a6da57256902c0ca8b5694162efa5e686de828?s=96&d=mm&r=g\",\"caption\":\"jyuguero\"},\"url\":\"https:\\\/\\\/investinnavarra.com\\\/en\\\/author\\\/jyuguero\\\/\"}]}<\/script>\n<!-- \/ Yoast SEO plugin. -->","yoast_head_json":{"title":"Navarra positions itself as a leading digital hub for investment and growth &#8226; Invest In Navarra","description":"President Mar\u00eda Chivite set out to 35 technology companies Navarra\u2019s ambition to consolidate itself as a European digital hub, during an institutional reception linked to CENDigital, the digital commission of the Navarre Business Confederation.","robots":{"index":"index","follow":"follow","max-snippet":"max-snippet:-1","max-image-preview":"max-image-preview:large","max-video-preview":"max-video-preview:-1"},"canonical":"https:\/\/investinnavarra.com\/en\/navarra-positions-itself-as-a-leading-digital-hub-for-investment-and-growth\/","og_locale":"en_US","og_type":"article","og_title":"Navarra positions itself as a leading digital hub for investment and growth &#8226; Invest In Navarra","og_description":"President Mar\u00eda Chivite set out to 35 technology companies Navarra\u2019s ambition to consolidate itself as a European digital hub, during an institutional reception linked to CENDigital, the digital commission of the Navarre Business Confederation.","og_url":"https:\/\/investinnavarra.com\/en\/navarra-positions-itself-as-a-leading-digital-hub-for-investment-and-growth\/","og_site_name":"Invest In Navarra","article_published_time":"2025-10-13T14:30:49+00:00","article_modified_time":"2025-10-13T14:41:19+00:00","og_image":[{"width":2560,"height":1707,"url":"https:\/\/investinnavarra.com\/wp-content\/uploads\/2025\/10\/2025_10_07-Empresarios-digitales_Q5A4369-scaled.jpg","type":"image\/jpeg"}],"author":"jyuguero","twitter_card":"summary_large_image","twitter_misc":{"Written by":"jyuguero","Est. reading time":"2 minutes"},"schema":{"@context":"https:\/\/schema.org","@graph":[{"@type":"Article","@id":"https:\/\/investinnavarra.com\/en\/navarra-positions-itself-as-a-leading-digital-hub-for-investment-and-growth\/#article","isPartOf":{"@id":"https:\/\/investinnavarra.com\/en\/navarra-positions-itself-as-a-leading-digital-hub-for-investment-and-growth\/"},"author":{"name":"jyuguero","@id":"https:\/\/investinnavarra.com\/en\/#\/schema\/person\/caf93abf312fad66ad0aeb77042a08ef"},"headline":"Navarra positions itself as a leading digital hub for investment and growth","datePublished":"2025-10-13T14:30:49+00:00","dateModified":"2025-10-13T14:41:19+00:00","mainEntityOfPage":{"@id":"https:\/\/investinnavarra.com\/en\/navarra-positions-itself-as-a-leading-digital-hub-for-investment-and-growth\/"},"wordCount":383,"publisher":{"@id":"https:\/\/investinnavarra.com\/en\/#organization"},"image":{"@id":"https:\/\/investinnavarra.com\/en\/navarra-positions-itself-as-a-leading-digital-hub-for-investment-and-growth\/#primaryimage"},"thumbnailUrl":"https:\/\/investinnavarra.com\/wp-content\/uploads\/2025\/10\/2025_10_07-Empresarios-digitales_Q5A4369-scaled.jpg","articleSection":["ICT"],"inLanguage":"en-US"},{"@type":"WebPage","@id":"https:\/\/investinnavarra.com\/en\/navarra-positions-itself-as-a-leading-digital-hub-for-investment-and-growth\/","url":"https:\/\/investinnavarra.com\/en\/navarra-positions-itself-as-a-leading-digital-hub-for-investment-and-growth\/","name":"Navarra positions itself as a leading digital hub for investment and growth &#8226; Invest In Navarra","isPartOf":{"@id":"https:\/\/investinnavarra.com\/en\/#website"},"primaryImageOfPage":{"@id":"https:\/\/investinnavarra.com\/en\/navarra-positions-itself-as-a-leading-digital-hub-for-investment-and-growth\/#primaryimage"},"image":{"@id":"https:\/\/investinnavarra.com\/en\/navarra-positions-itself-as-a-leading-digital-hub-for-investment-and-growth\/#primaryimage"},"thumbnailUrl":"https:\/\/investinnavarra.com\/wp-content\/uploads\/2025\/10\/2025_10_07-Empresarios-digitales_Q5A4369-scaled.jpg","datePublished":"2025-10-13T14:30:49+00:00","dateModified":"2025-10-13T14:41:19+00:00","description":"President Mar\u00eda Chivite set out to 35 technology companies Navarra\u2019s ambition to consolidate itself as a European digital hub, during an institutional reception linked to CENDigital, the digital commission of the Navarre Business Confederation.","inLanguage":"en-US","potentialAction":[{"@type":"ReadAction","target":["https:\/\/investinnavarra.com\/en\/navarra-positions-itself-as-a-leading-digital-hub-for-investment-and-growth\/"]}]},{"@type":"ImageObject","inLanguage":"en-US","@id":"https:\/\/investinnavarra.com\/en\/navarra-positions-itself-as-a-leading-digital-hub-for-investment-and-growth\/#primaryimage","url":"https:\/\/investinnavarra.com\/wp-content\/uploads\/2025\/10\/2025_10_07-Empresarios-digitales_Q5A4369-scaled.jpg","contentUrl":"https:\/\/investinnavarra.com\/wp-content\/uploads\/2025\/10\/2025_10_07-Empresarios-digitales_Q5A4369-scaled.jpg","width":2560,"height":1707,"caption":"A* Jes\u00fas Garzaron\/Gobierno de Navarra F* 2025_10_07 T* Mar\u00eda Chivite, los Consejeros Irujo y Garc\u00eda se re\u00fanen con una treintena de empresas del sector digital L* Palacio de Navarra"},{"@type":"WebSite","@id":"https:\/\/investinnavarra.com\/en\/#website","url":"https:\/\/investinnavarra.com\/en\/","name":"Invest In Navarra","description":"Herramienta del Gobierno de Navarra para atraer nuevas inversiones a Navarra","publisher":{"@id":"https:\/\/investinnavarra.com\/en\/#organization"},"potentialAction":[{"@type":"SearchAction","target":{"@type":"EntryPoint","urlTemplate":"https:\/\/investinnavarra.com\/en\/?s={search_term_string}"},"query-input":{"@type":"PropertyValueSpecification","valueRequired":true,"valueName":"search_term_string"}}],"inLanguage":"en-US"},{"@type":"Organization","@id":"https:\/\/investinnavarra.com\/en\/#organization","name":"Invest In Navarra","url":"https:\/\/investinnavarra.com\/en\/","logo":{"@type":"ImageObject","inLanguage":"en-US","@id":"https:\/\/investinnavarra.com\/en\/#\/schema\/logo\/image\/","url":"https:\/\/investinnavarra.com\/wp-content\/uploads\/2022\/05\/logo-invest-v1-b.png","contentUrl":"https:\/\/investinnavarra.com\/wp-content\/uploads\/2022\/05\/logo-invest-v1-b.png","width":768,"height":277,"caption":"Invest In Navarra"},"image":{"@id":"https:\/\/investinnavarra.com\/en\/#\/schema\/logo\/image\/"}},{"@type":"Person","@id":"https:\/\/investinnavarra.com\/en\/#\/schema\/person\/caf93abf312fad66ad0aeb77042a08ef","name":"jyuguero","image":{"@type":"ImageObject","inLanguage":"en-US","@id":"https:\/\/secure.gravatar.com\/avatar\/bec022f537bc5c4a4fc04358e7a6da57256902c0ca8b5694162efa5e686de828?s=96&d=mm&r=g","url":"https:\/\/secure.gravatar.com\/avatar\/bec022f537bc5c4a4fc04358e7a6da57256902c0ca8b5694162efa5e686de828?s=96&d=mm&r=g","contentUrl":"https:\/\/secure.gravatar.com\/avatar\/bec022f537bc5c4a4fc04358e7a6da57256902c0ca8b5694162efa5e686de828?s=96&d=mm&r=g","caption":"jyuguero"},"url":"https:\/\/investinnavarra.com\/en\/author\/jyuguero\/"}]}},"_links":{"self":[{"href":"https:\/\/investinnavarra.com\/en\/wp-json\/wp\/v2\/posts\/26049","targetHints":{"allow":["GET"]}}],"collection":[{"href":"https:\/\/investinnavarra.com\/en\/wp-json\/wp\/v2\/posts"}],"about":[{"href":"https:\/\/investinnavarra.com\/en\/wp-json\/wp\/v2\/types\/post"}],"author":[{"embeddable":true,"href":"https:\/\/investinnavarra.com\/en\/wp-json\/wp\/v2\/users\/2"}],"replies":[{"embeddable":true,"href":"https:\/\/investinnavarra.com\/en\/wp-json\/wp\/v2\/comments?post=26049"}],"version-history":[{"count":2,"href":"https:\/\/investinnavarra.com\/en\/wp-json\/wp\/v2\/posts\/26049\/revisions"}],"predecessor-version":[{"id":26051,"href":"https:\/\/investinnavarra.com\/en\/wp-json\/wp\/v2\/posts\/26049\/revisions\/26051"}],"wp:featuredmedia":[{"embeddable":true,"href":"https:\/\/investinnavarra.com\/en\/wp-json\/wp\/v2\/media\/26047"}],"wp:attachment":[{"href":"https:\/\/investinnavarra.com\/en\/wp-json\/wp\/v2\/media?parent=26049"}],"wp:term":[{"taxonomy":"category","embeddable":true,"href":"https:\/\/investinnavarra.com\/en\/wp-json\/wp\/v2\/categories?post=26049"},{"taxonomy":"post_tag","embeddable":true,"href":"https:\/\/investinnavarra.com\/en\/wp-json\/wp\/v2\/tags?post=26049"}],"curies":[{"name":"wp","href":"https:\/\/api.w.org\/{rel}","templated":true}]}}