{"id":10388,"date":"2024-11-18T08:31:25","date_gmt":"2024-11-18T08:31:25","guid":{"rendered":"https:\/\/investinnavarra.com\/?p=10388"},"modified":"2024-11-18T08:39:17","modified_gmt":"2024-11-18T08:39:17","slug":"companies-from-navarra-present-their-products-to-165-countries-at-the-medica-2024-international-trade-fair-in-germany","status":"publish","type":"post","link":"https:\/\/investinnavarra.com\/en\/companies-from-navarra-present-their-products-to-165-countries-at-the-medica-2024-international-trade-fair-in-germany\/","title":{"rendered":"Companies from Navarra present their products to 165 countries at the MEDICA 2024 international trade fair in Germany"},"content":{"rendered":"<h3>As a novelty this year, the International Plan of Navarra prepared an interactive virtual catalogue for this event, which included, on the one hand, the most relevant data on the region in the field of \u2018health\u2019 and, on the other hand, specific information on each of the companies that participated in this year&#8217;s edition. It is a very useful promotional and commercial tool for companies, and will be available until the next edition of the fair. A resource that can also be used by other Navarrese companies in the health sector in their commercial and export work for their products or services.<\/h3>\n<p>Of the nine participating companies from Navarra, six of them repeated their experience at a fair that this year gave them a larger exhibition space than in previous editions. In addition, in response to their specific needs, they were scheduled to meet with potential customers from different countries.<\/p>\n<p>For example, within the \u2018Taiwan MedTech Networking\u2019 meeting, the director of the International Projection Service, Miren Aus\u00edn, participated together with Laura Corcuera, manager of the Navarra Health Cluster, who presented the potential of Navarra, its capabilities and its sectorial ecosystem. This invitation was valued \u2018very positively\u2019 in order to strengthen Navarra&#8217;s relationship with the Industrial Technology Research Institute of Taiwan (ITRI), which has been in place since 2020.<\/p>\n<p>In addition, the pavilion of the National Council for Science and Technology provided a space for European companies to present their capabilities in the health sector to Taiwanese companies. The Navarrese companies Ysium, Darwin Biomed and Arpa took part in this event.<\/p>\n<p>On the other hand, Manuel Ledesma, Chief Economic and Commercial Counsellor of the Spanish Economic and Commercial Office in D\u00fcsseldorf, and David Portal\u00e9s Ma\u00f1an\u00f3s, market analyst of the same office, visited the Navarra stand.<\/p>\n<h3><b><strong>PARTICIPATION FROM NAVARRA<\/strong><\/b><\/h3>\n<p>The participating companies from Navarra were:<\/p>\n<p><a href=\"https:\/\/www.eversens.com\/\">-EVERSENS<\/a>(Pamplona \/ Iru\u00f1a): it has 10 employees and, this year, is repeating the experience once again. Dedicated to respiratory solutions for healthcare, they want to take advantage of the fair to reinforce their distribution network by strengthening their international presence. According to Jorge Pascual, the company&#8217;s commercial director, \u2018Medica is a key trade fair because it brings together various participants from the healthcare sector, allowing us to present the innovations and strengths that each of us has in this field. It is an ideal opportunity to explore new markets and partnerships.<\/p>\n<p><a href=\"https:\/\/www.koumer.com\/\">-KO\u00dcMER,<\/a> Laboratory furniture (Huarte \/ Uharte): oriented towards the manufacture of laboratory equipment, it employs 5 people and is attending the fair, in yet another edition, \u2018in search of possible new distributors to boost its exports\u2019, according to Marta Anaya, the company&#8217;s sales manager.<\/p>\n<p>&#8211;<a href=\"https:\/\/darwinbiomedical.com\/\">DARWIN Biomed<\/a>(Tudela): employs 4 people, who focus their activity on evolutionary design and, for yet another year, are once again attending MEDICA. During the fair they intend to \u2018look for new distributors and, in parallel, institutions that act as testers\/early adopters\u2019, according to Adri\u00e1n Jim\u00e9nez, Head of Engineering of the company. The company has so far worked in Spain, USA, Austria, Germany and Belgium.<\/p>\n<p>&#8211;<a href=\"https:\/\/embega.es\/\">Embega Healthcare<\/a> (Villatuerta): with around 150 employees, this company from Navarre, an expert in screen printing, hopes to strengthen relations with its main partners and customers in Europe, as Luis Huici, Head of Business Development, explains: \u2018Embega Healthcare is a newly created line of business and the aim is to grow in the sector, focusing on the European and US markets\u2019. This company is also one of those repeating the experience.<\/p>\n<p>&#8211;<a href=\"https:\/\/navarrahealthcluster.com\/\">Navarra Health Cluster:<\/a> From the Navarra Health Cluster, which is participating once again this year, its manager, Laura Corcuera, is committed to \u2018promoting the healthcare ecosystem in Navarra, supporting the organisations associated with NHC present at the fair and promoting the internationalisation of activities\u2019.<\/p>\n<p>&#8211;<a href=\"https:\/\/abanzamed.com\/es\/\">Abanzamed<\/a> (Mutilva \/ Mutiloa): innovates in the field of soft tissue repair, specialising in the development of devices in the field of traumatology.<\/p>\n<p>&#8211;<a href=\"https:\/\/www.auxilab.es\/\">Auxilab<\/a>(Beri\u00e1in), dedicated to the design, production and distribution of laboratory material.<\/p>\n<p>&#8211;<a href=\"https:\/\/www.osfplastic.com\/es\/\">OSF Plastic<\/a> (Arazuri): in its second year, they are bringing to the fair the manufacture of their products by injection moulding parts in technical plastics and fluorinated materials. In addition, they carry out assembly work on parts, adhesive placement, injection with inserts or bimaterial injections.<\/p>\n<p>&#8211;<a href=\"https:\/\/www.ysiummedical.com\/\">Ysium Medical <\/a>(Arre): dedicated to the digital transformation of medicine by combining engineering, medicine and design to provide solutions to needs by building new medical devices.<\/p>\n<blockquote><p><b><strong>Those interested in accessing the interactive virtual catalogue that summarises the \u2018health ecosystem\u2019 of Navarra can access a copy of it through <\/strong><\/b><a href=\"https:\/\/fr.zone-secure.net\/597329\/2192713\/#page=1\"><b><strong>this link<\/strong><\/b><\/a><b><strong>.<\/strong><\/b><\/p><\/blockquote>\n<p>Source: <a href=\"https:\/\/www.navarra.es\/es\/-\/nota-prensa\/9-empresas-navarras-dan-a-conocer-en-alemania-sus-productos-ante-165-paises-en-la-feria-internacional-medica-2024\"><strong>navarra.es<\/strong><\/a><\/p>\n","protected":false},"excerpt":{"rendered":"<p>As a novelty this year, the International Plan of Navarra prepared an interactive virtual catalogue for this event, which included, on the one hand, the most relevant data on the region in the field of \u2018health\u2019 and, on the other hand, specific information on each of the companies that participated in this year&#8217;s edition. It [&hellip;]<\/p>\n","protected":false},"author":4,"featured_media":10380,"comment_status":"closed","ping_status":"closed","sticky":false,"template":"","format":"standard","meta":{"footnotes":""},"categories":[36],"tags":[],"class_list":["post-10388","post","type-post","status-publish","format-standard","has-post-thumbnail","hentry","category-en-health"],"yoast_head":"<!-- This site is optimized with the Yoast SEO plugin v27.5 - https:\/\/yoast.com\/product\/yoast-seo-wordpress\/ -->\n<title>Companies from Navarra present their products to 165 countries at the MEDICA 2024 international trade fair in Germany &#8226; Invest In Navarra<\/title>\n<meta name=\"robots\" content=\"index, follow, max-snippet:-1, max-image-preview:large, max-video-preview:-1\" \/>\n<link rel=\"canonical\" href=\"https:\/\/investinnavarra.com\/en\/companies-from-navarra-present-their-products-to-165-countries-at-the-medica-2024-international-trade-fair-in-germany\/\" \/>\n<meta property=\"og:locale\" content=\"en_US\" \/>\n<meta property=\"og:type\" content=\"article\" \/>\n<meta property=\"og:title\" content=\"Companies from Navarra present their products to 165 countries at the MEDICA 2024 international trade fair in Germany &#8226; Invest In Navarra\" \/>\n<meta property=\"og:description\" content=\"As a novelty this year, the International Plan of Navarra prepared an interactive virtual catalogue for this event, which included, on the one hand, the most relevant data on the region in the field of \u2018health\u2019 and, on the other hand, specific information on each of the companies that participated in this year&#8217;s edition. It [&hellip;]\" \/>\n<meta property=\"og:url\" content=\"https:\/\/investinnavarra.com\/en\/companies-from-navarra-present-their-products-to-165-countries-at-the-medica-2024-international-trade-fair-in-germany\/\" \/>\n<meta property=\"og:site_name\" content=\"Invest In Navarra\" \/>\n<meta property=\"article:published_time\" content=\"2024-11-18T08:31:25+00:00\" \/>\n<meta property=\"article:modified_time\" content=\"2024-11-18T08:39:17+00:00\" \/>\n<meta property=\"og:image\" content=\"https:\/\/investinnavarra.com\/wp-content\/uploads\/2024\/11\/121124IN50-FOTO.jpg\" \/>\n\t<meta property=\"og:image:width\" content=\"1200\" \/>\n\t<meta property=\"og:image:height\" content=\"808\" \/>\n\t<meta property=\"og:image:type\" content=\"image\/jpeg\" \/>\n<meta name=\"author\" content=\"jjimenez\" \/>\n<meta name=\"twitter:card\" content=\"summary_large_image\" \/>\n<meta name=\"twitter:label1\" content=\"Written by\" \/>\n\t<meta name=\"twitter:data1\" content=\"jjimenez\" \/>\n\t<meta name=\"twitter:label2\" content=\"Est. reading time\" \/>\n\t<meta name=\"twitter:data2\" content=\"4 minutes\" \/>\n<script type=\"application\/ld+json\" class=\"yoast-schema-graph\">{\"@context\":\"https:\\\/\\\/schema.org\",\"@graph\":[{\"@type\":\"Article\",\"@id\":\"https:\\\/\\\/investinnavarra.com\\\/en\\\/companies-from-navarra-present-their-products-to-165-countries-at-the-medica-2024-international-trade-fair-in-germany\\\/#article\",\"isPartOf\":{\"@id\":\"https:\\\/\\\/investinnavarra.com\\\/en\\\/companies-from-navarra-present-their-products-to-165-countries-at-the-medica-2024-international-trade-fair-in-germany\\\/\"},\"author\":{\"name\":\"jjimenez\",\"@id\":\"https:\\\/\\\/investinnavarra.com\\\/en\\\/#\\\/schema\\\/person\\\/3271fbb2f754855399e4f49e5d8fd2df\"},\"headline\":\"Companies from Navarra present their products to 165 countries at the MEDICA 2024 international trade fair in Germany\",\"datePublished\":\"2024-11-18T08:31:25+00:00\",\"dateModified\":\"2024-11-18T08:39:17+00:00\",\"mainEntityOfPage\":{\"@id\":\"https:\\\/\\\/investinnavarra.com\\\/en\\\/companies-from-navarra-present-their-products-to-165-countries-at-the-medica-2024-international-trade-fair-in-germany\\\/\"},\"wordCount\":771,\"publisher\":{\"@id\":\"https:\\\/\\\/investinnavarra.com\\\/en\\\/#organization\"},\"image\":{\"@id\":\"https:\\\/\\\/investinnavarra.com\\\/en\\\/companies-from-navarra-present-their-products-to-165-countries-at-the-medica-2024-international-trade-fair-in-germany\\\/#primaryimage\"},\"thumbnailUrl\":\"https:\\\/\\\/investinnavarra.com\\\/wp-content\\\/uploads\\\/2024\\\/11\\\/121124IN50-FOTO.jpg\",\"articleSection\":[\"Health\"],\"inLanguage\":\"en-US\"},{\"@type\":\"WebPage\",\"@id\":\"https:\\\/\\\/investinnavarra.com\\\/en\\\/companies-from-navarra-present-their-products-to-165-countries-at-the-medica-2024-international-trade-fair-in-germany\\\/\",\"url\":\"https:\\\/\\\/investinnavarra.com\\\/en\\\/companies-from-navarra-present-their-products-to-165-countries-at-the-medica-2024-international-trade-fair-in-germany\\\/\",\"name\":\"Companies from Navarra present their products to 165 countries at the MEDICA 2024 international trade fair in Germany &#8226; Invest In Navarra\",\"isPartOf\":{\"@id\":\"https:\\\/\\\/investinnavarra.com\\\/en\\\/#website\"},\"primaryImageOfPage\":{\"@id\":\"https:\\\/\\\/investinnavarra.com\\\/en\\\/companies-from-navarra-present-their-products-to-165-countries-at-the-medica-2024-international-trade-fair-in-germany\\\/#primaryimage\"},\"image\":{\"@id\":\"https:\\\/\\\/investinnavarra.com\\\/en\\\/companies-from-navarra-present-their-products-to-165-countries-at-the-medica-2024-international-trade-fair-in-germany\\\/#primaryimage\"},\"thumbnailUrl\":\"https:\\\/\\\/investinnavarra.com\\\/wp-content\\\/uploads\\\/2024\\\/11\\\/121124IN50-FOTO.jpg\",\"datePublished\":\"2024-11-18T08:31:25+00:00\",\"dateModified\":\"2024-11-18T08:39:17+00:00\",\"inLanguage\":\"en-US\",\"potentialAction\":[{\"@type\":\"ReadAction\",\"target\":[\"https:\\\/\\\/investinnavarra.com\\\/en\\\/companies-from-navarra-present-their-products-to-165-countries-at-the-medica-2024-international-trade-fair-in-germany\\\/\"]}]},{\"@type\":\"ImageObject\",\"inLanguage\":\"en-US\",\"@id\":\"https:\\\/\\\/investinnavarra.com\\\/en\\\/companies-from-navarra-present-their-products-to-165-countries-at-the-medica-2024-international-trade-fair-in-germany\\\/#primaryimage\",\"url\":\"https:\\\/\\\/investinnavarra.com\\\/wp-content\\\/uploads\\\/2024\\\/11\\\/121124IN50-FOTO.jpg\",\"contentUrl\":\"https:\\\/\\\/investinnavarra.com\\\/wp-content\\\/uploads\\\/2024\\\/11\\\/121124IN50-FOTO.jpg\",\"width\":1200,\"height\":808},{\"@type\":\"WebSite\",\"@id\":\"https:\\\/\\\/investinnavarra.com\\\/en\\\/#website\",\"url\":\"https:\\\/\\\/investinnavarra.com\\\/en\\\/\",\"name\":\"Invest In Navarra\",\"description\":\"Herramienta del Gobierno de Navarra para atraer nuevas inversiones a Navarra\",\"publisher\":{\"@id\":\"https:\\\/\\\/investinnavarra.com\\\/en\\\/#organization\"},\"potentialAction\":[{\"@type\":\"SearchAction\",\"target\":{\"@type\":\"EntryPoint\",\"urlTemplate\":\"https:\\\/\\\/investinnavarra.com\\\/en\\\/?s={search_term_string}\"},\"query-input\":{\"@type\":\"PropertyValueSpecification\",\"valueRequired\":true,\"valueName\":\"search_term_string\"}}],\"inLanguage\":\"en-US\"},{\"@type\":\"Organization\",\"@id\":\"https:\\\/\\\/investinnavarra.com\\\/en\\\/#organization\",\"name\":\"Invest In Navarra\",\"url\":\"https:\\\/\\\/investinnavarra.com\\\/en\\\/\",\"logo\":{\"@type\":\"ImageObject\",\"inLanguage\":\"en-US\",\"@id\":\"https:\\\/\\\/investinnavarra.com\\\/en\\\/#\\\/schema\\\/logo\\\/image\\\/\",\"url\":\"https:\\\/\\\/investinnavarra.com\\\/wp-content\\\/uploads\\\/2022\\\/05\\\/logo-invest-v1-b.png\",\"contentUrl\":\"https:\\\/\\\/investinnavarra.com\\\/wp-content\\\/uploads\\\/2022\\\/05\\\/logo-invest-v1-b.png\",\"width\":768,\"height\":277,\"caption\":\"Invest In Navarra\"},\"image\":{\"@id\":\"https:\\\/\\\/investinnavarra.com\\\/en\\\/#\\\/schema\\\/logo\\\/image\\\/\"}},{\"@type\":\"Person\",\"@id\":\"https:\\\/\\\/investinnavarra.com\\\/en\\\/#\\\/schema\\\/person\\\/3271fbb2f754855399e4f49e5d8fd2df\",\"name\":\"jjimenez\",\"image\":{\"@type\":\"ImageObject\",\"inLanguage\":\"en-US\",\"@id\":\"https:\\\/\\\/secure.gravatar.com\\\/avatar\\\/ade3fb65769cac937dd1b8724a80c14840369b3ec9d786f9351b09a53d7d9664?s=96&d=mm&r=g\",\"url\":\"https:\\\/\\\/secure.gravatar.com\\\/avatar\\\/ade3fb65769cac937dd1b8724a80c14840369b3ec9d786f9351b09a53d7d9664?s=96&d=mm&r=g\",\"contentUrl\":\"https:\\\/\\\/secure.gravatar.com\\\/avatar\\\/ade3fb65769cac937dd1b8724a80c14840369b3ec9d786f9351b09a53d7d9664?s=96&d=mm&r=g\",\"caption\":\"jjimenez\"},\"url\":\"https:\\\/\\\/investinnavarra.com\\\/en\\\/author\\\/jjimenez\\\/\"}]}<\/script>\n<!-- \/ Yoast SEO plugin. -->","yoast_head_json":{"title":"Companies from Navarra present their products to 165 countries at the MEDICA 2024 international trade fair in Germany &#8226; Invest In Navarra","robots":{"index":"index","follow":"follow","max-snippet":"max-snippet:-1","max-image-preview":"max-image-preview:large","max-video-preview":"max-video-preview:-1"},"canonical":"https:\/\/investinnavarra.com\/en\/companies-from-navarra-present-their-products-to-165-countries-at-the-medica-2024-international-trade-fair-in-germany\/","og_locale":"en_US","og_type":"article","og_title":"Companies from Navarra present their products to 165 countries at the MEDICA 2024 international trade fair in Germany &#8226; Invest In Navarra","og_description":"As a novelty this year, the International Plan of Navarra prepared an interactive virtual catalogue for this event, which included, on the one hand, the most relevant data on the region in the field of \u2018health\u2019 and, on the other hand, specific information on each of the companies that participated in this year&#8217;s edition. It [&hellip;]","og_url":"https:\/\/investinnavarra.com\/en\/companies-from-navarra-present-their-products-to-165-countries-at-the-medica-2024-international-trade-fair-in-germany\/","og_site_name":"Invest In Navarra","article_published_time":"2024-11-18T08:31:25+00:00","article_modified_time":"2024-11-18T08:39:17+00:00","og_image":[{"width":1200,"height":808,"url":"https:\/\/investinnavarra.com\/wp-content\/uploads\/2024\/11\/121124IN50-FOTO.jpg","type":"image\/jpeg"}],"author":"jjimenez","twitter_card":"summary_large_image","twitter_misc":{"Written by":"jjimenez","Est. reading time":"4 minutes"},"schema":{"@context":"https:\/\/schema.org","@graph":[{"@type":"Article","@id":"https:\/\/investinnavarra.com\/en\/companies-from-navarra-present-their-products-to-165-countries-at-the-medica-2024-international-trade-fair-in-germany\/#article","isPartOf":{"@id":"https:\/\/investinnavarra.com\/en\/companies-from-navarra-present-their-products-to-165-countries-at-the-medica-2024-international-trade-fair-in-germany\/"},"author":{"name":"jjimenez","@id":"https:\/\/investinnavarra.com\/en\/#\/schema\/person\/3271fbb2f754855399e4f49e5d8fd2df"},"headline":"Companies from Navarra present their products to 165 countries at the MEDICA 2024 international trade fair in Germany","datePublished":"2024-11-18T08:31:25+00:00","dateModified":"2024-11-18T08:39:17+00:00","mainEntityOfPage":{"@id":"https:\/\/investinnavarra.com\/en\/companies-from-navarra-present-their-products-to-165-countries-at-the-medica-2024-international-trade-fair-in-germany\/"},"wordCount":771,"publisher":{"@id":"https:\/\/investinnavarra.com\/en\/#organization"},"image":{"@id":"https:\/\/investinnavarra.com\/en\/companies-from-navarra-present-their-products-to-165-countries-at-the-medica-2024-international-trade-fair-in-germany\/#primaryimage"},"thumbnailUrl":"https:\/\/investinnavarra.com\/wp-content\/uploads\/2024\/11\/121124IN50-FOTO.jpg","articleSection":["Health"],"inLanguage":"en-US"},{"@type":"WebPage","@id":"https:\/\/investinnavarra.com\/en\/companies-from-navarra-present-their-products-to-165-countries-at-the-medica-2024-international-trade-fair-in-germany\/","url":"https:\/\/investinnavarra.com\/en\/companies-from-navarra-present-their-products-to-165-countries-at-the-medica-2024-international-trade-fair-in-germany\/","name":"Companies from Navarra present their products to 165 countries at the MEDICA 2024 international trade fair in Germany &#8226; Invest In Navarra","isPartOf":{"@id":"https:\/\/investinnavarra.com\/en\/#website"},"primaryImageOfPage":{"@id":"https:\/\/investinnavarra.com\/en\/companies-from-navarra-present-their-products-to-165-countries-at-the-medica-2024-international-trade-fair-in-germany\/#primaryimage"},"image":{"@id":"https:\/\/investinnavarra.com\/en\/companies-from-navarra-present-their-products-to-165-countries-at-the-medica-2024-international-trade-fair-in-germany\/#primaryimage"},"thumbnailUrl":"https:\/\/investinnavarra.com\/wp-content\/uploads\/2024\/11\/121124IN50-FOTO.jpg","datePublished":"2024-11-18T08:31:25+00:00","dateModified":"2024-11-18T08:39:17+00:00","inLanguage":"en-US","potentialAction":[{"@type":"ReadAction","target":["https:\/\/investinnavarra.com\/en\/companies-from-navarra-present-their-products-to-165-countries-at-the-medica-2024-international-trade-fair-in-germany\/"]}]},{"@type":"ImageObject","inLanguage":"en-US","@id":"https:\/\/investinnavarra.com\/en\/companies-from-navarra-present-their-products-to-165-countries-at-the-medica-2024-international-trade-fair-in-germany\/#primaryimage","url":"https:\/\/investinnavarra.com\/wp-content\/uploads\/2024\/11\/121124IN50-FOTO.jpg","contentUrl":"https:\/\/investinnavarra.com\/wp-content\/uploads\/2024\/11\/121124IN50-FOTO.jpg","width":1200,"height":808},{"@type":"WebSite","@id":"https:\/\/investinnavarra.com\/en\/#website","url":"https:\/\/investinnavarra.com\/en\/","name":"Invest In Navarra","description":"Herramienta del Gobierno de Navarra para atraer nuevas inversiones a Navarra","publisher":{"@id":"https:\/\/investinnavarra.com\/en\/#organization"},"potentialAction":[{"@type":"SearchAction","target":{"@type":"EntryPoint","urlTemplate":"https:\/\/investinnavarra.com\/en\/?s={search_term_string}"},"query-input":{"@type":"PropertyValueSpecification","valueRequired":true,"valueName":"search_term_string"}}],"inLanguage":"en-US"},{"@type":"Organization","@id":"https:\/\/investinnavarra.com\/en\/#organization","name":"Invest In Navarra","url":"https:\/\/investinnavarra.com\/en\/","logo":{"@type":"ImageObject","inLanguage":"en-US","@id":"https:\/\/investinnavarra.com\/en\/#\/schema\/logo\/image\/","url":"https:\/\/investinnavarra.com\/wp-content\/uploads\/2022\/05\/logo-invest-v1-b.png","contentUrl":"https:\/\/investinnavarra.com\/wp-content\/uploads\/2022\/05\/logo-invest-v1-b.png","width":768,"height":277,"caption":"Invest In Navarra"},"image":{"@id":"https:\/\/investinnavarra.com\/en\/#\/schema\/logo\/image\/"}},{"@type":"Person","@id":"https:\/\/investinnavarra.com\/en\/#\/schema\/person\/3271fbb2f754855399e4f49e5d8fd2df","name":"jjimenez","image":{"@type":"ImageObject","inLanguage":"en-US","@id":"https:\/\/secure.gravatar.com\/avatar\/ade3fb65769cac937dd1b8724a80c14840369b3ec9d786f9351b09a53d7d9664?s=96&d=mm&r=g","url":"https:\/\/secure.gravatar.com\/avatar\/ade3fb65769cac937dd1b8724a80c14840369b3ec9d786f9351b09a53d7d9664?s=96&d=mm&r=g","contentUrl":"https:\/\/secure.gravatar.com\/avatar\/ade3fb65769cac937dd1b8724a80c14840369b3ec9d786f9351b09a53d7d9664?s=96&d=mm&r=g","caption":"jjimenez"},"url":"https:\/\/investinnavarra.com\/en\/author\/jjimenez\/"}]}},"_links":{"self":[{"href":"https:\/\/investinnavarra.com\/en\/wp-json\/wp\/v2\/posts\/10388","targetHints":{"allow":["GET"]}}],"collection":[{"href":"https:\/\/investinnavarra.com\/en\/wp-json\/wp\/v2\/posts"}],"about":[{"href":"https:\/\/investinnavarra.com\/en\/wp-json\/wp\/v2\/types\/post"}],"author":[{"embeddable":true,"href":"https:\/\/investinnavarra.com\/en\/wp-json\/wp\/v2\/users\/4"}],"replies":[{"embeddable":true,"href":"https:\/\/investinnavarra.com\/en\/wp-json\/wp\/v2\/comments?post=10388"}],"version-history":[{"count":1,"href":"https:\/\/investinnavarra.com\/en\/wp-json\/wp\/v2\/posts\/10388\/revisions"}],"predecessor-version":[{"id":10389,"href":"https:\/\/investinnavarra.com\/en\/wp-json\/wp\/v2\/posts\/10388\/revisions\/10389"}],"wp:featuredmedia":[{"embeddable":true,"href":"https:\/\/investinnavarra.com\/en\/wp-json\/wp\/v2\/media\/10380"}],"wp:attachment":[{"href":"https:\/\/investinnavarra.com\/en\/wp-json\/wp\/v2\/media?parent=10388"}],"wp:term":[{"taxonomy":"category","embeddable":true,"href":"https:\/\/investinnavarra.com\/en\/wp-json\/wp\/v2\/categories?post=10388"},{"taxonomy":"post_tag","embeddable":true,"href":"https:\/\/investinnavarra.com\/en\/wp-json\/wp\/v2\/tags?post=10388"}],"curies":[{"name":"wp","href":"https:\/\/api.w.org\/{rel}","templated":true}]}}